{"id":50376,"date":"2026-04-27T16:12:19","date_gmt":"2026-04-27T22:12:19","guid":{"rendered":"https:\/\/perfilinformativo.mx\/?p=50376"},"modified":"2026-04-27T16:12:23","modified_gmt":"2026-04-27T22:12:23","slug":"avances-academicos-e-impulso-a-las-becas-a-estudiantes-seran-los-principales-temas-del-segundo-informe-del-rector","status":"publish","type":"post","link":"https:\/\/perfilinformativo.mx\/index.php\/2026\/04\/27\/avances-academicos-e-impulso-a-las-becas-a-estudiantes-seran-los-principales-temas-del-segundo-informe-del-rector\/","title":{"rendered":"Avances acad\u00e9micos e impulso a las becas a estudiantes, ser\u00e1n los principales temas del Segundo Informe del Rector"},"content":{"rendered":"<p>Cd. Victoria, Tamaulipas.- Con el prop\u00f3sito de dar a conocer los logros y avances de su administraci\u00f3n, el rector de la Universidad Aut\u00f3noma de Tamaulipas (UAT), D\u00e1maso Anaya Alvarado, presentar\u00e1 su segundo informe de actividades ante la Asamblea Universitaria y la sociedad en general, destacando las acciones realizadas en favor del fortalecimiento acad\u00e9mico y el bienestar estudiantil.<\/p>\n<p>Al respecto, el rector resalt\u00f3 que uno de los pilares de su gesti\u00f3n ha sido el robusto programa de becas, logrando que el 50 % de la matr\u00edcula total \u2014que abarca a m\u00e1s de 42 000 estudiantes, desde preparatorias hasta posgrados\u2014 cuente con este beneficio, lo que significa que uno de cada dos alumnos recibe respaldo institucional.<\/p>\n<p>En entrevista con medios de comunicaci\u00f3n, D\u00e1maso Anaya asever\u00f3 que su administraci\u00f3n est\u00e1 implementando una transformaci\u00f3n significativa en la infraestructura de la Universidad, enfocada en la modernizaci\u00f3n de aulas, laboratorios, la construcci\u00f3n de techumbres y la mejora de espacios comunes para elevar la calidad de la ense\u00f1anza.<\/p>\n<p>Otros temas que se detallar\u00e1n son los relacionados con los avances en materia de certificaciones y acreditaciones de los programas educativos; as\u00ed como el fuerte impulso dado al deporte y la vinculaci\u00f3n con la sociedad, buscando siempre la excelencia universitaria.<\/p>\n<p>Este segundo informe, que reafirma el compromiso de la UAT con la comunidad, se llevar\u00e1 a cabo el mi\u00e9rcoles, 29 de abril, a las 12:00 horas en el Centro de Excelencia del campus Victoria, y ser\u00e1 difundido en vivo por videoconferencia a las facultades, unidades acad\u00e9micas y dependencias de la Universidad, as\u00ed como por medio de los canales oficiales y redes sociales de la instituci\u00f3n.<\/p>\n","protected":false},"excerpt":{"rendered":"<p>Cd. Victoria, Tamaulipas.- Con el prop\u00f3sito de dar a conocer los logros y avances de su administraci\u00f3n, el rector de la Universidad Aut\u00f3noma de Tamaulipas (UAT), D\u00e1maso Anaya Alvarado, presentar\u00e1 su segundo informe de actividades ante la Asamblea Universitaria y la sociedad en general, destacando las acciones realizadas en favor del fortalecimiento acad\u00e9mico y el [&hellip;]<\/p>\n","protected":false},"author":1,"featured_media":50375,"comment_status":"open","ping_status":"closed","sticky":false,"template":"","format":"standard","meta":{"_jetpack_memberships_contains_paid_content":false,"footnotes":"","jetpack_publicize_message":"","jetpack_publicize_feature_enabled":true,"jetpack_social_post_already_shared":true,"jetpack_social_options":{"image_generator_settings":{"template":"highway","default_image_id":0,"font":"","enabled":false},"version":2}},"categories":[7,8],"tags":[],"class_list":["post-50376","post","type-post","status-publish","format-standard","has-post-thumbnail","hentry","category-uat","category-universidad"],"jetpack_publicize_connections":[],"jetpack_featured_media_url":"https:\/\/perfilinformativo.mx\/wp-content\/uploads\/2026\/04\/27-abr-U-1-Avances-academicos-e-impulso-a-las-becas-a-estudiantes-seran-los-principales-temas-del-Segundo-Informe-del-Rector.jpeg","jetpack_sharing_enabled":true,"rttpg_featured_image_url":{"full":["https:\/\/perfilinformativo.mx\/wp-content\/uploads\/2026\/04\/27-abr-U-1-Avances-academicos-e-impulso-a-las-becas-a-estudiantes-seran-los-principales-temas-del-Segundo-Informe-del-Rector.jpeg",1280,1023,false],"landscape":["https:\/\/perfilinformativo.mx\/wp-content\/uploads\/2026\/04\/27-abr-U-1-Avances-academicos-e-impulso-a-las-becas-a-estudiantes-seran-los-principales-temas-del-Segundo-Informe-del-Rector.jpeg",1280,1023,false],"portraits":["https:\/\/perfilinformativo.mx\/wp-content\/uploads\/2026\/04\/27-abr-U-1-Avances-academicos-e-impulso-a-las-becas-a-estudiantes-seran-los-principales-temas-del-Segundo-Informe-del-Rector.jpeg",1280,1023,false],"thumbnail":["https:\/\/perfilinformativo.mx\/wp-content\/uploads\/2026\/04\/27-abr-U-1-Avances-academicos-e-impulso-a-las-becas-a-estudiantes-seran-los-principales-temas-del-Segundo-Informe-del-Rector-150x150.jpeg",150,150,true],"medium":["https:\/\/perfilinformativo.mx\/wp-content\/uploads\/2026\/04\/27-abr-U-1-Avances-academicos-e-impulso-a-las-becas-a-estudiantes-seran-los-principales-temas-del-Segundo-Informe-del-Rector-300x240.jpeg",300,240,true],"large":["https:\/\/perfilinformativo.mx\/wp-content\/uploads\/2026\/04\/27-abr-U-1-Avances-academicos-e-impulso-a-las-becas-a-estudiantes-seran-los-principales-temas-del-Segundo-Informe-del-Rector-1024x818.jpeg",640,511,true],"1536x1536":["https:\/\/perfilinformativo.mx\/wp-content\/uploads\/2026\/04\/27-abr-U-1-Avances-academicos-e-impulso-a-las-becas-a-estudiantes-seran-los-principales-temas-del-Segundo-Informe-del-Rector.jpeg",1280,1023,false],"2048x2048":["https:\/\/perfilinformativo.mx\/wp-content\/uploads\/2026\/04\/27-abr-U-1-Avances-academicos-e-impulso-a-las-becas-a-estudiantes-seran-los-principales-temas-del-Segundo-Informe-del-Rector.jpeg",1280,1023,false]},"rttpg_author":{"display_name":"admin","author_link":"https:\/\/perfilinformativo.mx\/index.php\/author\/admin_wj6ymx5f\/"},"rttpg_comment":0,"rttpg_category":"<a href=\"https:\/\/perfilinformativo.mx\/index.php\/category\/uat\/\" rel=\"category tag\">UAT<\/a> <a href=\"https:\/\/perfilinformativo.mx\/index.php\/category\/universidad\/\" rel=\"category tag\">Universidad<\/a>","rttpg_excerpt":"Cd. Victoria, Tamaulipas.- Con el prop\u00f3sito de dar a conocer los logros y avances de su administraci\u00f3n, el rector de la Universidad Aut\u00f3noma de Tamaulipas (UAT), D\u00e1maso Anaya Alvarado, presentar\u00e1 su segundo informe de actividades ante la Asamblea Universitaria y la sociedad en general, destacando las acciones realizadas en favor del fortalecimiento acad\u00e9mico y el&hellip;","_links":{"self":[{"href":"https:\/\/perfilinformativo.mx\/index.php\/wp-json\/wp\/v2\/posts\/50376","targetHints":{"allow":["GET"]}}],"collection":[{"href":"https:\/\/perfilinformativo.mx\/index.php\/wp-json\/wp\/v2\/posts"}],"about":[{"href":"https:\/\/perfilinformativo.mx\/index.php\/wp-json\/wp\/v2\/types\/post"}],"author":[{"embeddable":true,"href":"https:\/\/perfilinformativo.mx\/index.php\/wp-json\/wp\/v2\/users\/1"}],"replies":[{"embeddable":true,"href":"https:\/\/perfilinformativo.mx\/index.php\/wp-json\/wp\/v2\/comments?post=50376"}],"version-history":[{"count":1,"href":"https:\/\/perfilinformativo.mx\/index.php\/wp-json\/wp\/v2\/posts\/50376\/revisions"}],"predecessor-version":[{"id":50377,"href":"https:\/\/perfilinformativo.mx\/index.php\/wp-json\/wp\/v2\/posts\/50376\/revisions\/50377"}],"wp:featuredmedia":[{"embeddable":true,"href":"https:\/\/perfilinformativo.mx\/index.php\/wp-json\/wp\/v2\/media\/50375"}],"wp:attachment":[{"href":"https:\/\/perfilinformativo.mx\/index.php\/wp-json\/wp\/v2\/media?parent=50376"}],"wp:term":[{"taxonomy":"category","embeddable":true,"href":"https:\/\/perfilinformativo.mx\/index.php\/wp-json\/wp\/v2\/categories?post=50376"},{"taxonomy":"post_tag","embeddable":true,"href":"https:\/\/perfilinformativo.mx\/index.php\/wp-json\/wp\/v2\/tags?post=50376"}],"curies":[{"name":"wp","href":"https:\/\/api.w.org\/{rel}","templated":true}]}}