{"id":50372,"date":"2026-04-27T16:10:53","date_gmt":"2026-04-27T22:10:53","guid":{"rendered":"https:\/\/perfilinformativo.mx\/?p=50372"},"modified":"2026-04-27T16:10:59","modified_gmt":"2026-04-27T22:10:59","slug":"en-familia-festejan-lalo-y-lucy-a-la-ninez-victorense","status":"publish","type":"post","link":"https:\/\/perfilinformativo.mx\/index.php\/2026\/04\/27\/en-familia-festejan-lalo-y-lucy-a-la-ninez-victorense\/","title":{"rendered":"En familia, festejan Lalo y Lucy a la ni\u00f1ez victorense."},"content":{"rendered":"<p>Cd. Victoria, Tamaulipas.- En familia y gran ambiente de alegr\u00eda y diversi\u00f3n, el alcalde Victoria Eduardo Gatt\u00e1s B\u00e1ez y la presidenta del DIF Lucy de Gatt\u00e1s festejaron este domingo a la ni\u00f1ez victorense como parte de las actividades del pr\u00f3ximo D\u00eda del Ni\u00f1o.<\/p>\n<p>En su mensaje, destac\u00f3 que las ni\u00f1as y ni\u00f1os representan el activo y futuro de la sociedad, por lo que reiter\u00f3 el compromiso de su gobierno \u00abpara seguir\u00a0 impulsando acciones que fortalezcan entornos m\u00e1s sanos para su desarrollo en la etapa infantil\u00bb.<\/p>\n<p>En compa\u00f1\u00eda de sus hijos Galilea, Jacobo y Abraham, disfrutaron junto a decenas de familias del espect\u00e1culo infantil y art\u00edstico sobre el escenario del paseo dominical 17 Te Quiero M\u00e1s, que brindaron los grupos Hakuna Matata y Magic Star.<\/p>\n<p>La sonrisa y alegr\u00eda de ni\u00f1as y ni\u00f1os se avivo con el obsequio de juguetes, rifa sobrepasa de bicicletas y reparto de refrigerio entre las familias que asistieron al evento organizado con apoyo de la Secretar\u00eda de Bienestar Social del Municipio.<\/p>\n","protected":false},"excerpt":{"rendered":"<p>Cd. Victoria, Tamaulipas.- En familia y gran ambiente de alegr\u00eda y diversi\u00f3n, el alcalde Victoria Eduardo Gatt\u00e1s B\u00e1ez y la presidenta del DIF Lucy de Gatt\u00e1s festejaron este domingo a la ni\u00f1ez victorense como parte de las actividades del pr\u00f3ximo D\u00eda del Ni\u00f1o. En su mensaje, destac\u00f3 que las ni\u00f1as y ni\u00f1os representan el activo [&hellip;]<\/p>\n","protected":false},"author":1,"featured_media":50371,"comment_status":"open","ping_status":"closed","sticky":false,"template":"","format":"standard","meta":{"_jetpack_memberships_contains_paid_content":false,"footnotes":"","jetpack_publicize_message":"","jetpack_publicize_feature_enabled":true,"jetpack_social_post_already_shared":true,"jetpack_social_options":{"image_generator_settings":{"template":"highway","default_image_id":0,"font":"","enabled":false},"version":2}},"categories":[2],"tags":[],"class_list":["post-50372","post","type-post","status-publish","format-standard","has-post-thumbnail","hentry","category-local"],"jetpack_publicize_connections":[],"jetpack_featured_media_url":"https:\/\/perfilinformativo.mx\/wp-content\/uploads\/2026\/04\/27-abr-L-1-En-familia.jpg","jetpack_sharing_enabled":true,"rttpg_featured_image_url":{"full":["https:\/\/perfilinformativo.mx\/wp-content\/uploads\/2026\/04\/27-abr-L-1-En-familia.jpg",1280,853,false],"landscape":["https:\/\/perfilinformativo.mx\/wp-content\/uploads\/2026\/04\/27-abr-L-1-En-familia.jpg",1280,853,false],"portraits":["https:\/\/perfilinformativo.mx\/wp-content\/uploads\/2026\/04\/27-abr-L-1-En-familia.jpg",1280,853,false],"thumbnail":["https:\/\/perfilinformativo.mx\/wp-content\/uploads\/2026\/04\/27-abr-L-1-En-familia-150x150.jpg",150,150,true],"medium":["https:\/\/perfilinformativo.mx\/wp-content\/uploads\/2026\/04\/27-abr-L-1-En-familia-300x200.jpg",300,200,true],"large":["https:\/\/perfilinformativo.mx\/wp-content\/uploads\/2026\/04\/27-abr-L-1-En-familia-1024x682.jpg",640,426,true],"1536x1536":["https:\/\/perfilinformativo.mx\/wp-content\/uploads\/2026\/04\/27-abr-L-1-En-familia.jpg",1280,853,false],"2048x2048":["https:\/\/perfilinformativo.mx\/wp-content\/uploads\/2026\/04\/27-abr-L-1-En-familia.jpg",1280,853,false]},"rttpg_author":{"display_name":"admin","author_link":"https:\/\/perfilinformativo.mx\/index.php\/author\/admin_wj6ymx5f\/"},"rttpg_comment":0,"rttpg_category":"<a href=\"https:\/\/perfilinformativo.mx\/index.php\/category\/local\/\" rel=\"category tag\">Local<\/a>","rttpg_excerpt":"Cd. Victoria, Tamaulipas.- En familia y gran ambiente de alegr\u00eda y diversi\u00f3n, el alcalde Victoria Eduardo Gatt\u00e1s B\u00e1ez y la presidenta del DIF Lucy de Gatt\u00e1s festejaron este domingo a la ni\u00f1ez victorense como parte de las actividades del pr\u00f3ximo D\u00eda del Ni\u00f1o. En su mensaje, destac\u00f3 que las ni\u00f1as y ni\u00f1os representan el activo&hellip;","_links":{"self":[{"href":"https:\/\/perfilinformativo.mx\/index.php\/wp-json\/wp\/v2\/posts\/50372","targetHints":{"allow":["GET"]}}],"collection":[{"href":"https:\/\/perfilinformativo.mx\/index.php\/wp-json\/wp\/v2\/posts"}],"about":[{"href":"https:\/\/perfilinformativo.mx\/index.php\/wp-json\/wp\/v2\/types\/post"}],"author":[{"embeddable":true,"href":"https:\/\/perfilinformativo.mx\/index.php\/wp-json\/wp\/v2\/users\/1"}],"replies":[{"embeddable":true,"href":"https:\/\/perfilinformativo.mx\/index.php\/wp-json\/wp\/v2\/comments?post=50372"}],"version-history":[{"count":1,"href":"https:\/\/perfilinformativo.mx\/index.php\/wp-json\/wp\/v2\/posts\/50372\/revisions"}],"predecessor-version":[{"id":50373,"href":"https:\/\/perfilinformativo.mx\/index.php\/wp-json\/wp\/v2\/posts\/50372\/revisions\/50373"}],"wp:featuredmedia":[{"embeddable":true,"href":"https:\/\/perfilinformativo.mx\/index.php\/wp-json\/wp\/v2\/media\/50371"}],"wp:attachment":[{"href":"https:\/\/perfilinformativo.mx\/index.php\/wp-json\/wp\/v2\/media?parent=50372"}],"wp:term":[{"taxonomy":"category","embeddable":true,"href":"https:\/\/perfilinformativo.mx\/index.php\/wp-json\/wp\/v2\/categories?post=50372"},{"taxonomy":"post_tag","embeddable":true,"href":"https:\/\/perfilinformativo.mx\/index.php\/wp-json\/wp\/v2\/tags?post=50372"}],"curies":[{"name":"wp","href":"https:\/\/api.w.org\/{rel}","templated":true}]}}