{"id":50356,"date":"2026-04-26T18:05:37","date_gmt":"2026-04-27T00:05:37","guid":{"rendered":"https:\/\/perfilinformativo.mx\/?p=50356"},"modified":"2026-04-27T16:00:27","modified_gmt":"2026-04-27T22:00:27","slug":"rendira-damaso-anaya-su-segundo-informe-al-frente-de-la-uat","status":"publish","type":"post","link":"https:\/\/perfilinformativo.mx\/index.php\/2026\/04\/26\/rendira-damaso-anaya-su-segundo-informe-al-frente-de-la-uat\/","title":{"rendered":"Rendir\u00e1 D\u00e1maso Anaya su Segundo Informe al frente de la UAT"},"content":{"rendered":"<p>Cd. Victoria, Tamaulipas.- El rector de la Universidad Aut\u00f3noma de Tamaulipas (UAT), D\u00e1maso Anaya Alvarado, rendir\u00e1 este mi\u00e9rcoles 29 de abril, a las 12:00 horas, su Segundo Informe de Labores, en un ejercicio de transparencia y rendici\u00f3n de cuentas en el que presentar\u00e1 a la comunidad universitaria y a la sociedad los avances alcanzados durante su administraci\u00f3n.<\/p>\n<p>En ceremonia solemne ante la Asamblea General Universitaria, el rector dar\u00e1 cuenta de los resultados y acciones en los rubros sustantivos como la consolidaci\u00f3n de la calidad acad\u00e9mica,\u00a0 diversificaci\u00f3n de la oferta educativa, el incremento de la matr\u00edcula, el impulso a programas de apoyo para estudiantes, el fortalecimiento de la infraestructura universitaria y la modernizaci\u00f3n de los espacios destinados a la ense\u00f1anza, la investigaci\u00f3n y la innovaci\u00f3n.<\/p>\n<p>Asimismo, informar\u00e1 sobre los avances en la gesti\u00f3n institucional y vinculaci\u00f3n estrat\u00e9gica, destacando las acciones encaminadas a consolidar alianzas, ampliar oportunidades de colaboraci\u00f3n y fortalecer la presencia de la UAT en el desarrollo social y productivo.<\/p>\n<p>D\u00e1maso Anaya tambi\u00e9n presentar\u00e1 resultados en materia de impulso a la formaci\u00f3n. Integral destacando la promoci\u00f3n del deporte universitario y la actividad cultural,\u00a0 asi como la implementaci\u00f3n de un modelo educativo con una visi\u00f3n humanista, reafirmando el compromiso de continuar construyendo una universidad con mayores oportunidades para sus estudiantes y una mayor contribuci\u00f3n al desarrollo del estado.<\/p>\n<p>El Segundo Informe del rector D\u00e1maso Anaya Alvarado ser\u00e1 transmitido en vivo a trav\u00e9s de los canales oficiales de la UAT, para que tanto la comunidad universitaria, como la sociedad en general puedan dar seguimiento a este importante mensaje institucional.<\/p>\n","protected":false},"excerpt":{"rendered":"<p>Cd. Victoria, Tamaulipas.- El rector de la Universidad Aut\u00f3noma de Tamaulipas (UAT), D\u00e1maso Anaya Alvarado, rendir\u00e1 este mi\u00e9rcoles 29 de abril, a las 12:00 horas, su Segundo Informe de Labores, en un ejercicio de transparencia y rendici\u00f3n de cuentas en el que presentar\u00e1 a la comunidad universitaria y a la sociedad los avances alcanzados durante [&hellip;]<\/p>\n","protected":false},"author":1,"featured_media":50355,"comment_status":"open","ping_status":"closed","sticky":false,"template":"","format":"standard","meta":{"_jetpack_memberships_contains_paid_content":false,"footnotes":"","jetpack_publicize_message":"","jetpack_publicize_feature_enabled":true,"jetpack_social_post_already_shared":true,"jetpack_social_options":{"image_generator_settings":{"template":"highway","default_image_id":0,"font":"","enabled":false},"version":2}},"categories":[7,8],"tags":[],"class_list":["post-50356","post","type-post","status-publish","format-standard","has-post-thumbnail","hentry","category-uat","category-universidad"],"jetpack_publicize_connections":[],"jetpack_featured_media_url":"https:\/\/perfilinformativo.mx\/wp-content\/uploads\/2026\/04\/26-abr-U-2-Rendira-Damaso-Anaya-su-Segundo-Informe-al-frente-de-la-UAT-1.jpeg","jetpack_sharing_enabled":true,"rttpg_featured_image_url":{"full":["https:\/\/perfilinformativo.mx\/wp-content\/uploads\/2026\/04\/26-abr-U-2-Rendira-Damaso-Anaya-su-Segundo-Informe-al-frente-de-la-UAT-1.jpeg",942,1400,false],"landscape":["https:\/\/perfilinformativo.mx\/wp-content\/uploads\/2026\/04\/26-abr-U-2-Rendira-Damaso-Anaya-su-Segundo-Informe-al-frente-de-la-UAT-1.jpeg",942,1400,false],"portraits":["https:\/\/perfilinformativo.mx\/wp-content\/uploads\/2026\/04\/26-abr-U-2-Rendira-Damaso-Anaya-su-Segundo-Informe-al-frente-de-la-UAT-1.jpeg",942,1400,false],"thumbnail":["https:\/\/perfilinformativo.mx\/wp-content\/uploads\/2026\/04\/26-abr-U-2-Rendira-Damaso-Anaya-su-Segundo-Informe-al-frente-de-la-UAT-1-150x150.jpeg",150,150,true],"medium":["https:\/\/perfilinformativo.mx\/wp-content\/uploads\/2026\/04\/26-abr-U-2-Rendira-Damaso-Anaya-su-Segundo-Informe-al-frente-de-la-UAT-1-202x300.jpeg",202,300,true],"large":["https:\/\/perfilinformativo.mx\/wp-content\/uploads\/2026\/04\/26-abr-U-2-Rendira-Damaso-Anaya-su-Segundo-Informe-al-frente-de-la-UAT-1-689x1024.jpeg",640,951,true],"1536x1536":["https:\/\/perfilinformativo.mx\/wp-content\/uploads\/2026\/04\/26-abr-U-2-Rendira-Damaso-Anaya-su-Segundo-Informe-al-frente-de-la-UAT-1.jpeg",942,1400,false],"2048x2048":["https:\/\/perfilinformativo.mx\/wp-content\/uploads\/2026\/04\/26-abr-U-2-Rendira-Damaso-Anaya-su-Segundo-Informe-al-frente-de-la-UAT-1.jpeg",942,1400,false]},"rttpg_author":{"display_name":"admin","author_link":"https:\/\/perfilinformativo.mx\/index.php\/author\/admin_wj6ymx5f\/"},"rttpg_comment":0,"rttpg_category":"<a href=\"https:\/\/perfilinformativo.mx\/index.php\/category\/uat\/\" rel=\"category tag\">UAT<\/a> <a href=\"https:\/\/perfilinformativo.mx\/index.php\/category\/universidad\/\" rel=\"category tag\">Universidad<\/a>","rttpg_excerpt":"Cd. Victoria, Tamaulipas.- El rector de la Universidad Aut\u00f3noma de Tamaulipas (UAT), D\u00e1maso Anaya Alvarado, rendir\u00e1 este mi\u00e9rcoles 29 de abril, a las 12:00 horas, su Segundo Informe de Labores, en un ejercicio de transparencia y rendici\u00f3n de cuentas en el que presentar\u00e1 a la comunidad universitaria y a la sociedad los avances alcanzados durante&hellip;","_links":{"self":[{"href":"https:\/\/perfilinformativo.mx\/index.php\/wp-json\/wp\/v2\/posts\/50356","targetHints":{"allow":["GET"]}}],"collection":[{"href":"https:\/\/perfilinformativo.mx\/index.php\/wp-json\/wp\/v2\/posts"}],"about":[{"href":"https:\/\/perfilinformativo.mx\/index.php\/wp-json\/wp\/v2\/types\/post"}],"author":[{"embeddable":true,"href":"https:\/\/perfilinformativo.mx\/index.php\/wp-json\/wp\/v2\/users\/1"}],"replies":[{"embeddable":true,"href":"https:\/\/perfilinformativo.mx\/index.php\/wp-json\/wp\/v2\/comments?post=50356"}],"version-history":[{"count":1,"href":"https:\/\/perfilinformativo.mx\/index.php\/wp-json\/wp\/v2\/posts\/50356\/revisions"}],"predecessor-version":[{"id":50357,"href":"https:\/\/perfilinformativo.mx\/index.php\/wp-json\/wp\/v2\/posts\/50356\/revisions\/50357"}],"wp:featuredmedia":[{"embeddable":true,"href":"https:\/\/perfilinformativo.mx\/index.php\/wp-json\/wp\/v2\/media\/50355"}],"wp:attachment":[{"href":"https:\/\/perfilinformativo.mx\/index.php\/wp-json\/wp\/v2\/media?parent=50356"}],"wp:term":[{"taxonomy":"category","embeddable":true,"href":"https:\/\/perfilinformativo.mx\/index.php\/wp-json\/wp\/v2\/categories?post=50356"},{"taxonomy":"post_tag","embeddable":true,"href":"https:\/\/perfilinformativo.mx\/index.php\/wp-json\/wp\/v2\/tags?post=50356"}],"curies":[{"name":"wp","href":"https:\/\/api.w.org\/{rel}","templated":true}]}}