{"id":50268,"date":"2026-04-21T12:50:29","date_gmt":"2026-04-21T18:50:29","guid":{"rendered":"https:\/\/perfilinformativo.mx\/?p=50268"},"modified":"2026-04-23T12:51:53","modified_gmt":"2026-04-23T18:51:53","slug":"inyectara-municipio-recursos-adicionales-al-programa-de-rehabilitacion-de-calles","status":"publish","type":"post","link":"https:\/\/perfilinformativo.mx\/index.php\/2026\/04\/21\/inyectara-municipio-recursos-adicionales-al-programa-de-rehabilitacion-de-calles\/","title":{"rendered":"Inyectar\u00e1 Municipio recursos adicionales al programa de rehabilitaci\u00f3n de calles."},"content":{"rendered":"<p>Cd. Victoria, Tamaulipas.- El Gobierno Municipal de Victoria destinar\u00e1 recursos adicionales al programa permanente de rehabilitaci\u00f3n de calles en la ciudad con resultados a corto plazo, anunci\u00f3 el alcalde Eduardo Gatt\u00e1s B\u00e1ez.<\/p>\n<p>Dijo que actualmente se realiza el estudio con la Tesorer\u00eda Municipal y Secretar\u00eda de Obras P\u00fablicas para definir el monto y metas para desarrollar un programa especial donde se destinar\u00e1 recursos propios a la rehabilitaci\u00f3n de pavimentos en los distintos sectores de la ciudad.<\/p>\n<p>Destac\u00f3 que en la prestaci\u00f3n de servicios p\u00fablicos, el gobierno de Victoria mantiene la eficiencia arriba del 90% en recolecci\u00f3n de basura y alumbrado p\u00fablico; en tanto que en el tema de bacheo record\u00f3 que el a\u00f1o anterior las lluvias afectaron m\u00e1s del 70% del pavimento; \u00abes ah\u00ed donde traemos una lucha y trabajo permanente\u00bb, se\u00f1al\u00f3 Gatt\u00e1s B\u00e1ez.<\/p>\n<p>Para desarrollar el programa que se espera arrojen resultados inmediatos, el alcalde de Victoria inform\u00f3 que sumar\u00e1n 3 cuadrillas a los trabajos y se buscar\u00e1 el apoyo con empresas locales, con el objetivo de alcanzar mayor cobertura en calles primarias y secundarias.<\/p>\n","protected":false},"excerpt":{"rendered":"<p>Cd. Victoria, Tamaulipas.- El Gobierno Municipal de Victoria destinar\u00e1 recursos adicionales al programa permanente de rehabilitaci\u00f3n de calles en la ciudad con resultados a corto plazo, anunci\u00f3 el alcalde Eduardo Gatt\u00e1s B\u00e1ez. Dijo que actualmente se realiza el estudio con la Tesorer\u00eda Municipal y Secretar\u00eda de Obras P\u00fablicas para definir el monto y metas para [&hellip;]<\/p>\n","protected":false},"author":1,"featured_media":50267,"comment_status":"open","ping_status":"closed","sticky":false,"template":"","format":"standard","meta":{"_jetpack_memberships_contains_paid_content":false,"footnotes":"","jetpack_publicize_message":"","jetpack_publicize_feature_enabled":true,"jetpack_social_post_already_shared":true,"jetpack_social_options":{"image_generator_settings":{"template":"highway","default_image_id":0,"font":"","enabled":false},"version":2}},"categories":[2],"tags":[],"class_list":["post-50268","post","type-post","status-publish","format-standard","has-post-thumbnail","hentry","category-local"],"jetpack_publicize_connections":[],"jetpack_featured_media_url":"https:\/\/perfilinformativo.mx\/wp-content\/uploads\/2026\/04\/21-abr-L-1-Inyectara-Municipio-recursos-adicionales-al-programa-de-rehabilitacion-de-calles.jpg","jetpack_sharing_enabled":true,"rttpg_featured_image_url":{"full":["https:\/\/perfilinformativo.mx\/wp-content\/uploads\/2026\/04\/21-abr-L-1-Inyectara-Municipio-recursos-adicionales-al-programa-de-rehabilitacion-de-calles.jpg",1280,852,false],"landscape":["https:\/\/perfilinformativo.mx\/wp-content\/uploads\/2026\/04\/21-abr-L-1-Inyectara-Municipio-recursos-adicionales-al-programa-de-rehabilitacion-de-calles.jpg",1280,852,false],"portraits":["https:\/\/perfilinformativo.mx\/wp-content\/uploads\/2026\/04\/21-abr-L-1-Inyectara-Municipio-recursos-adicionales-al-programa-de-rehabilitacion-de-calles.jpg",1280,852,false],"thumbnail":["https:\/\/perfilinformativo.mx\/wp-content\/uploads\/2026\/04\/21-abr-L-1-Inyectara-Municipio-recursos-adicionales-al-programa-de-rehabilitacion-de-calles-150x150.jpg",150,150,true],"medium":["https:\/\/perfilinformativo.mx\/wp-content\/uploads\/2026\/04\/21-abr-L-1-Inyectara-Municipio-recursos-adicionales-al-programa-de-rehabilitacion-de-calles-300x200.jpg",300,200,true],"large":["https:\/\/perfilinformativo.mx\/wp-content\/uploads\/2026\/04\/21-abr-L-1-Inyectara-Municipio-recursos-adicionales-al-programa-de-rehabilitacion-de-calles-1024x682.jpg",640,426,true],"1536x1536":["https:\/\/perfilinformativo.mx\/wp-content\/uploads\/2026\/04\/21-abr-L-1-Inyectara-Municipio-recursos-adicionales-al-programa-de-rehabilitacion-de-calles.jpg",1280,852,false],"2048x2048":["https:\/\/perfilinformativo.mx\/wp-content\/uploads\/2026\/04\/21-abr-L-1-Inyectara-Municipio-recursos-adicionales-al-programa-de-rehabilitacion-de-calles.jpg",1280,852,false]},"rttpg_author":{"display_name":"admin","author_link":"https:\/\/perfilinformativo.mx\/index.php\/author\/admin_wj6ymx5f\/"},"rttpg_comment":0,"rttpg_category":"<a href=\"https:\/\/perfilinformativo.mx\/index.php\/category\/local\/\" rel=\"category tag\">Local<\/a>","rttpg_excerpt":"Cd. Victoria, Tamaulipas.- El Gobierno Municipal de Victoria destinar\u00e1 recursos adicionales al programa permanente de rehabilitaci\u00f3n de calles en la ciudad con resultados a corto plazo, anunci\u00f3 el alcalde Eduardo Gatt\u00e1s B\u00e1ez. Dijo que actualmente se realiza el estudio con la Tesorer\u00eda Municipal y Secretar\u00eda de Obras P\u00fablicas para definir el monto y metas para&hellip;","_links":{"self":[{"href":"https:\/\/perfilinformativo.mx\/index.php\/wp-json\/wp\/v2\/posts\/50268","targetHints":{"allow":["GET"]}}],"collection":[{"href":"https:\/\/perfilinformativo.mx\/index.php\/wp-json\/wp\/v2\/posts"}],"about":[{"href":"https:\/\/perfilinformativo.mx\/index.php\/wp-json\/wp\/v2\/types\/post"}],"author":[{"embeddable":true,"href":"https:\/\/perfilinformativo.mx\/index.php\/wp-json\/wp\/v2\/users\/1"}],"replies":[{"embeddable":true,"href":"https:\/\/perfilinformativo.mx\/index.php\/wp-json\/wp\/v2\/comments?post=50268"}],"version-history":[{"count":1,"href":"https:\/\/perfilinformativo.mx\/index.php\/wp-json\/wp\/v2\/posts\/50268\/revisions"}],"predecessor-version":[{"id":50269,"href":"https:\/\/perfilinformativo.mx\/index.php\/wp-json\/wp\/v2\/posts\/50268\/revisions\/50269"}],"wp:featuredmedia":[{"embeddable":true,"href":"https:\/\/perfilinformativo.mx\/index.php\/wp-json\/wp\/v2\/media\/50267"}],"wp:attachment":[{"href":"https:\/\/perfilinformativo.mx\/index.php\/wp-json\/wp\/v2\/media?parent=50268"}],"wp:term":[{"taxonomy":"category","embeddable":true,"href":"https:\/\/perfilinformativo.mx\/index.php\/wp-json\/wp\/v2\/categories?post=50268"},{"taxonomy":"post_tag","embeddable":true,"href":"https:\/\/perfilinformativo.mx\/index.php\/wp-json\/wp\/v2\/tags?post=50268"}],"curies":[{"name":"wp","href":"https:\/\/api.w.org\/{rel}","templated":true}]}}