{"id":50260,"date":"2026-04-20T18:00:42","date_gmt":"2026-04-21T00:00:42","guid":{"rendered":"https:\/\/perfilinformativo.mx\/?p=50260"},"modified":"2026-04-23T12:48:21","modified_gmt":"2026-04-23T18:48:21","slug":"a-201-anos-de-ser-capital-victoria-avanza-con-orden-rumbo-y-resultados-lalo-gattas","status":"publish","type":"post","link":"https:\/\/perfilinformativo.mx\/index.php\/2026\/04\/20\/a-201-anos-de-ser-capital-victoria-avanza-con-orden-rumbo-y-resultados-lalo-gattas\/","title":{"rendered":"A 201 a\u00f1os de ser Capital, Victoria avanza con orden, rumbo y resultados: Lalo Gatt\u00e1s."},"content":{"rendered":"<p>Cd. Victoria, Tamaulipas. \u2013 A 201 a\u00f1os, a Victoria se le honra y construye con trabajo, resultados, compromiso y responsabilidad, afirm\u00f3 el alcalde Eduardo Gatt\u00e1s B\u00e1ez al presidir, junto a su esposa Lucy de Gatt\u00e1s, la ceremonia c\u00edvica de aniversario de Capitalidad.<\/p>\n<p>En sesi\u00f3n p\u00fablica solemne, afirm\u00f3 que, desde aquel 20 de abril de 1825, Victoria sigue siendo el coraz\u00f3n del Estado y punto de encuentro donde, hoy, bajo el liderazgo del gobernador Am\u00e9rico Villarreal Anaya, se toman las decisiones que impactan a todas y todos los tamaulipecos, y en especial a los victorenses.<\/p>\n<p>\u201cHoy, a 201 a\u00f1os de distancia, nos toca estar a la altura de esa historia, no para recordarla sino para construirla. Victoria va avanzar, y va avanzar con orden, rumbo y resultados\u201d expres\u00f3, al convocar a integrantes del Cabildo mantener un dialogo de altura para construir acuerdos en beneficio de la ciudadan\u00eda.<\/p>\n<p>Testigos del compromiso, estuvieron la Magistrada del Poder Judicial del Estado, Mar\u00eda del Consuelo Ter\u00e1n Rodr\u00edguez, el titular del ITCA H\u00e9ctor Romero y presidentes de c\u00e1maras empresariales, quienes participaron en el recorrido de la galer\u00eda fotogr\u00e1fica con que se rese\u00f1\u00f3 el 201 Aniversario de la Capitalidad de Victoria.<\/p>\n","protected":false},"excerpt":{"rendered":"<p>Cd. Victoria, Tamaulipas. \u2013 A 201 a\u00f1os, a Victoria se le honra y construye con trabajo, resultados, compromiso y responsabilidad, afirm\u00f3 el alcalde Eduardo Gatt\u00e1s B\u00e1ez al presidir, junto a su esposa Lucy de Gatt\u00e1s, la ceremonia c\u00edvica de aniversario de Capitalidad. En sesi\u00f3n p\u00fablica solemne, afirm\u00f3 que, desde aquel 20 de abril de 1825, [&hellip;]<\/p>\n","protected":false},"author":1,"featured_media":50259,"comment_status":"open","ping_status":"closed","sticky":false,"template":"","format":"standard","meta":{"_jetpack_memberships_contains_paid_content":false,"footnotes":"","jetpack_publicize_message":"","jetpack_publicize_feature_enabled":true,"jetpack_social_post_already_shared":true,"jetpack_social_options":{"image_generator_settings":{"template":"highway","default_image_id":0,"font":"","enabled":false},"version":2}},"categories":[3],"tags":[],"class_list":["post-50260","post","type-post","status-publish","format-standard","has-post-thumbnail","hentry","category-estatal"],"jetpack_publicize_connections":[],"jetpack_featured_media_url":"https:\/\/perfilinformativo.mx\/wp-content\/uploads\/2026\/04\/20-abr-L-1-A-201-anos-de-ser-Capital.jpg","jetpack_sharing_enabled":true,"rttpg_featured_image_url":{"full":["https:\/\/perfilinformativo.mx\/wp-content\/uploads\/2026\/04\/20-abr-L-1-A-201-anos-de-ser-Capital.jpg",1600,1066,false],"landscape":["https:\/\/perfilinformativo.mx\/wp-content\/uploads\/2026\/04\/20-abr-L-1-A-201-anos-de-ser-Capital.jpg",1600,1066,false],"portraits":["https:\/\/perfilinformativo.mx\/wp-content\/uploads\/2026\/04\/20-abr-L-1-A-201-anos-de-ser-Capital.jpg",1600,1066,false],"thumbnail":["https:\/\/perfilinformativo.mx\/wp-content\/uploads\/2026\/04\/20-abr-L-1-A-201-anos-de-ser-Capital-150x150.jpg",150,150,true],"medium":["https:\/\/perfilinformativo.mx\/wp-content\/uploads\/2026\/04\/20-abr-L-1-A-201-anos-de-ser-Capital-300x200.jpg",300,200,true],"large":["https:\/\/perfilinformativo.mx\/wp-content\/uploads\/2026\/04\/20-abr-L-1-A-201-anos-de-ser-Capital-1024x682.jpg",640,426,true],"1536x1536":["https:\/\/perfilinformativo.mx\/wp-content\/uploads\/2026\/04\/20-abr-L-1-A-201-anos-de-ser-Capital-1536x1023.jpg",1536,1023,true],"2048x2048":["https:\/\/perfilinformativo.mx\/wp-content\/uploads\/2026\/04\/20-abr-L-1-A-201-anos-de-ser-Capital.jpg",1600,1066,false]},"rttpg_author":{"display_name":"admin","author_link":"https:\/\/perfilinformativo.mx\/index.php\/author\/admin_wj6ymx5f\/"},"rttpg_comment":0,"rttpg_category":"<a href=\"https:\/\/perfilinformativo.mx\/index.php\/category\/estatal\/\" rel=\"category tag\">Estatal<\/a>","rttpg_excerpt":"Cd. Victoria, Tamaulipas. \u2013 A 201 a\u00f1os, a Victoria se le honra y construye con trabajo, resultados, compromiso y responsabilidad, afirm\u00f3 el alcalde Eduardo Gatt\u00e1s B\u00e1ez al presidir, junto a su esposa Lucy de Gatt\u00e1s, la ceremonia c\u00edvica de aniversario de Capitalidad. En sesi\u00f3n p\u00fablica solemne, afirm\u00f3 que, desde aquel 20 de abril de 1825,&hellip;","_links":{"self":[{"href":"https:\/\/perfilinformativo.mx\/index.php\/wp-json\/wp\/v2\/posts\/50260","targetHints":{"allow":["GET"]}}],"collection":[{"href":"https:\/\/perfilinformativo.mx\/index.php\/wp-json\/wp\/v2\/posts"}],"about":[{"href":"https:\/\/perfilinformativo.mx\/index.php\/wp-json\/wp\/v2\/types\/post"}],"author":[{"embeddable":true,"href":"https:\/\/perfilinformativo.mx\/index.php\/wp-json\/wp\/v2\/users\/1"}],"replies":[{"embeddable":true,"href":"https:\/\/perfilinformativo.mx\/index.php\/wp-json\/wp\/v2\/comments?post=50260"}],"version-history":[{"count":1,"href":"https:\/\/perfilinformativo.mx\/index.php\/wp-json\/wp\/v2\/posts\/50260\/revisions"}],"predecessor-version":[{"id":50261,"href":"https:\/\/perfilinformativo.mx\/index.php\/wp-json\/wp\/v2\/posts\/50260\/revisions\/50261"}],"wp:featuredmedia":[{"embeddable":true,"href":"https:\/\/perfilinformativo.mx\/index.php\/wp-json\/wp\/v2\/media\/50259"}],"wp:attachment":[{"href":"https:\/\/perfilinformativo.mx\/index.php\/wp-json\/wp\/v2\/media?parent=50260"}],"wp:term":[{"taxonomy":"category","embeddable":true,"href":"https:\/\/perfilinformativo.mx\/index.php\/wp-json\/wp\/v2\/categories?post=50260"},{"taxonomy":"post_tag","embeddable":true,"href":"https:\/\/perfilinformativo.mx\/index.php\/wp-json\/wp\/v2\/tags?post=50260"}],"curies":[{"name":"wp","href":"https:\/\/api.w.org\/{rel}","templated":true}]}}