{"id":50216,"date":"2026-04-20T19:35:00","date_gmt":"2026-04-21T01:35:00","guid":{"rendered":"https:\/\/perfilinformativo.mx\/?p=50216"},"modified":"2026-04-21T19:50:21","modified_gmt":"2026-04-22T01:50:21","slug":"supervisa-gobernador-unidades-del-nuevo-sistema-de-transporte-publico-de-tamaulipas","status":"publish","type":"post","link":"https:\/\/perfilinformativo.mx\/index.php\/2026\/04\/20\/supervisa-gobernador-unidades-del-nuevo-sistema-de-transporte-publico-de-tamaulipas\/","title":{"rendered":"Supervisa gobernador unidades del nuevo sistema de transporte p\u00fablico de Tamaulipas"},"content":{"rendered":"<p>Ciudad Victoria, Tamaulipas.- El gobernador Am\u00e9rico Villarreal Anaya supervis\u00f3 las seis unidades que integran la ruta Conecta y estim\u00f3 que el pr\u00f3ximo mes de mayo se pondr\u00e1 en operaci\u00f3n una primera etapa de este nuevo sistema de transporte p\u00fablico en Ciudad Victoria, para posteriormente ampliarlo a otros municipios del Estado.<\/p>\n<p>Luego de la ceremonia c\u00edvica de honores, en el Polyforum de esta capital, el gobernador, acompa\u00f1ado por el secretario de Desarrollo Urbano y Medio Ambiente, Karl Heinz Becker, hizo un recorrido e ingres\u00f3 a las unidades estacionadas frente al \u00c1guila monumental, en donde escuch\u00f3 la explicaci\u00f3n sobre el funcionamiento de los veh\u00edculos que permitir\u00e1n avanzar hacia un modelo de movilidad m\u00e1s ordenado, humano y eficiente.<\/p>\n<p>\u201cEstamos ya platicando con la propia empresa para poder hacer un pedido sustancial de estas unidades y fortalecer este transporte p\u00fablico en los municipios m\u00e1s grandes de nuestra entidad en rutas espec\u00edficas y prioritarias y dignificar este transporte p\u00fablico en nuestra entidad\u201d, expres\u00f3.<\/p>\n<p>En entrevista, Villarreal Anaya agreg\u00f3 que este nuevo modelo permitir\u00e1 tambi\u00e9n mejorar el nivel y calidad de vida en la capital y contar con un transporte m\u00e1s digno en \u00e1reas prioritarias de la ciudad como la Torre Gubernamental, el Poder Judicial, el Hospital de Alta Especialidad y el Hospital General y para beneficio de las y los estudiantes de la Universidad Aut\u00f3noma de Tamaulipas.<\/p>\n","protected":false},"excerpt":{"rendered":"<p>Ciudad Victoria, Tamaulipas.- El gobernador Am\u00e9rico Villarreal Anaya supervis\u00f3 las seis unidades que integran la ruta Conecta y estim\u00f3 que el pr\u00f3ximo mes de mayo se pondr\u00e1 en operaci\u00f3n una primera etapa de este nuevo sistema de transporte p\u00fablico en Ciudad Victoria, para posteriormente ampliarlo a otros municipios del Estado. Luego de la ceremonia c\u00edvica [&hellip;]<\/p>\n","protected":false},"author":1,"featured_media":50215,"comment_status":"open","ping_status":"closed","sticky":false,"template":"","format":"standard","meta":{"_jetpack_memberships_contains_paid_content":false,"footnotes":"","jetpack_publicize_message":"","jetpack_publicize_feature_enabled":true,"jetpack_social_post_already_shared":true,"jetpack_social_options":{"image_generator_settings":{"template":"highway","default_image_id":0,"font":"","enabled":false},"version":2}},"categories":[14,3,5,13],"tags":[],"class_list":["post-50216","post","type-post","status-publish","format-standard","has-post-thumbnail","hentry","category-destacadas","category-estatal","category-gobierno","category-portadas"],"jetpack_publicize_connections":[],"jetpack_featured_media_url":"https:\/\/perfilinformativo.mx\/wp-content\/uploads\/2026\/04\/20-abr-P-2-Supervisa-gobernador-unidades-del-nuevo-sistema-de-transporte-publico-de-Tamaulipas-1.jpeg","jetpack_sharing_enabled":true,"rttpg_featured_image_url":{"full":["https:\/\/perfilinformativo.mx\/wp-content\/uploads\/2026\/04\/20-abr-P-2-Supervisa-gobernador-unidades-del-nuevo-sistema-de-transporte-publico-de-Tamaulipas-1.jpeg",1440,960,false],"landscape":["https:\/\/perfilinformativo.mx\/wp-content\/uploads\/2026\/04\/20-abr-P-2-Supervisa-gobernador-unidades-del-nuevo-sistema-de-transporte-publico-de-Tamaulipas-1.jpeg",1440,960,false],"portraits":["https:\/\/perfilinformativo.mx\/wp-content\/uploads\/2026\/04\/20-abr-P-2-Supervisa-gobernador-unidades-del-nuevo-sistema-de-transporte-publico-de-Tamaulipas-1.jpeg",1440,960,false],"thumbnail":["https:\/\/perfilinformativo.mx\/wp-content\/uploads\/2026\/04\/20-abr-P-2-Supervisa-gobernador-unidades-del-nuevo-sistema-de-transporte-publico-de-Tamaulipas-1-150x150.jpeg",150,150,true],"medium":["https:\/\/perfilinformativo.mx\/wp-content\/uploads\/2026\/04\/20-abr-P-2-Supervisa-gobernador-unidades-del-nuevo-sistema-de-transporte-publico-de-Tamaulipas-1-300x200.jpeg",300,200,true],"large":["https:\/\/perfilinformativo.mx\/wp-content\/uploads\/2026\/04\/20-abr-P-2-Supervisa-gobernador-unidades-del-nuevo-sistema-de-transporte-publico-de-Tamaulipas-1-1024x683.jpeg",640,427,true],"1536x1536":["https:\/\/perfilinformativo.mx\/wp-content\/uploads\/2026\/04\/20-abr-P-2-Supervisa-gobernador-unidades-del-nuevo-sistema-de-transporte-publico-de-Tamaulipas-1.jpeg",1440,960,false],"2048x2048":["https:\/\/perfilinformativo.mx\/wp-content\/uploads\/2026\/04\/20-abr-P-2-Supervisa-gobernador-unidades-del-nuevo-sistema-de-transporte-publico-de-Tamaulipas-1.jpeg",1440,960,false]},"rttpg_author":{"display_name":"admin","author_link":"https:\/\/perfilinformativo.mx\/index.php\/author\/admin_wj6ymx5f\/"},"rttpg_comment":0,"rttpg_category":"<a href=\"https:\/\/perfilinformativo.mx\/index.php\/category\/destacadas\/\" rel=\"category tag\">Destacadas<\/a> <a href=\"https:\/\/perfilinformativo.mx\/index.php\/category\/estatal\/\" rel=\"category tag\">Estatal<\/a> <a href=\"https:\/\/perfilinformativo.mx\/index.php\/category\/gobierno\/\" rel=\"category tag\">Gobierno<\/a> <a href=\"https:\/\/perfilinformativo.mx\/index.php\/category\/portadas\/\" rel=\"category tag\">Portadas<\/a>","rttpg_excerpt":"Ciudad Victoria, Tamaulipas.- El gobernador Am\u00e9rico Villarreal Anaya supervis\u00f3 las seis unidades que integran la ruta Conecta y estim\u00f3 que el pr\u00f3ximo mes de mayo se pondr\u00e1 en operaci\u00f3n una primera etapa de este nuevo sistema de transporte p\u00fablico en Ciudad Victoria, para posteriormente ampliarlo a otros municipios del Estado. Luego de la ceremonia c\u00edvica&hellip;","_links":{"self":[{"href":"https:\/\/perfilinformativo.mx\/index.php\/wp-json\/wp\/v2\/posts\/50216","targetHints":{"allow":["GET"]}}],"collection":[{"href":"https:\/\/perfilinformativo.mx\/index.php\/wp-json\/wp\/v2\/posts"}],"about":[{"href":"https:\/\/perfilinformativo.mx\/index.php\/wp-json\/wp\/v2\/types\/post"}],"author":[{"embeddable":true,"href":"https:\/\/perfilinformativo.mx\/index.php\/wp-json\/wp\/v2\/users\/1"}],"replies":[{"embeddable":true,"href":"https:\/\/perfilinformativo.mx\/index.php\/wp-json\/wp\/v2\/comments?post=50216"}],"version-history":[{"count":1,"href":"https:\/\/perfilinformativo.mx\/index.php\/wp-json\/wp\/v2\/posts\/50216\/revisions"}],"predecessor-version":[{"id":50217,"href":"https:\/\/perfilinformativo.mx\/index.php\/wp-json\/wp\/v2\/posts\/50216\/revisions\/50217"}],"wp:featuredmedia":[{"embeddable":true,"href":"https:\/\/perfilinformativo.mx\/index.php\/wp-json\/wp\/v2\/media\/50215"}],"wp:attachment":[{"href":"https:\/\/perfilinformativo.mx\/index.php\/wp-json\/wp\/v2\/media?parent=50216"}],"wp:term":[{"taxonomy":"category","embeddable":true,"href":"https:\/\/perfilinformativo.mx\/index.php\/wp-json\/wp\/v2\/categories?post=50216"},{"taxonomy":"post_tag","embeddable":true,"href":"https:\/\/perfilinformativo.mx\/index.php\/wp-json\/wp\/v2\/tags?post=50216"}],"curies":[{"name":"wp","href":"https:\/\/api.w.org\/{rel}","templated":true}]}}