{"id":50016,"date":"2026-04-12T15:17:53","date_gmt":"2026-04-12T21:17:53","guid":{"rendered":"https:\/\/perfilinformativo.mx\/?p=50016"},"modified":"2026-04-12T15:17:59","modified_gmt":"2026-04-12T21:17:59","slug":"concluye-uat-periodo-vacacional-y-reanuda-actividades-en-sus-campus","status":"publish","type":"post","link":"https:\/\/perfilinformativo.mx\/index.php\/2026\/04\/12\/concluye-uat-periodo-vacacional-y-reanuda-actividades-en-sus-campus\/","title":{"rendered":"Concluye UAT periodo vacacional y reanuda actividades en sus campus"},"content":{"rendered":"<p>Cd. Victoria, Tamaulipas.- La Universidad Aut\u00f3noma de Tamaulipas (UAT) reanuda sus actividades acad\u00e9micas y administrativas este lunes 13 de abril de 2026, luego de concluir el periodo vacacional de primavera establecido en el calendario escolar y administrativo vigente.<\/p>\n<p>Con el regreso a labores del personal sindicalizado y de confianza, as\u00ed como de la comunidad docente y estudiantil de las escuelas, facultades y unidades acad\u00e9micas, la UAT da continuidad al periodo escolar, reafirmando su compromiso con la formaci\u00f3n integral, la calidad educativa y el fortalecimiento institucional.<\/p>\n<p>En este marco, la administraci\u00f3n del rector D\u00e1maso Anaya Alvarado ha destacado que la reanudaci\u00f3n de actividades representa una oportunidad para consolidar los avances acad\u00e9micos y administrativos del ciclo, manteniendo una din\u00e1mica de trabajo basada en la unidad, la responsabilidad y el cumplimiento de los objetivos estrat\u00e9gicos de la Universidad.<\/p>\n<p>Asimismo, se ha subrayado que el periodo de clases Primavera 2026 concluir\u00e1 el 22 de mayo, dando paso al periodo de verano que iniciar\u00e1 en el mes de junio, el cual ofrece a las y los estudiantes una alternativa acad\u00e9mica intensiva y opcional para adelantar materias o regularizar su trayectoria escolar.<\/p>\n<p>De igual manera, la instituci\u00f3n contin\u00faa a la par con el proceso de registro de aspirantes a nuevo ingreso para el periodo 2026-3 (Oto\u00f1o 2026), el cual permanecer\u00e1 abierto hasta el 12 de junio. El examen de admisi\u00f3n EXANI II se aplicar\u00e1 el 25 de junio, mientras que los resultados ser\u00e1n publicados el 3 de agosto, previo al inicio de clases en ese mismo mes.<\/p>\n<p>En esta nueva etapa del ciclo acad\u00e9mico, la Universidad mantiene su enfoque en el fortalecimiento de sus m\u00e1s de 90 programas educativos, distribuidos en las zonas Norte, Centro y Sur del estado, contribuyendo al desarrollo social, cultural y productivo de Tamaulipas.<\/p>\n<p>Para m\u00e1s informaci\u00f3n sobre la oferta educativa, consultar el sitio oficial de esta casa de estudios: <a href=\"https:\/\/www.uat.edu.mx\/oferta-educativa\">https:\/\/www.uat.edu.mx\/oferta-educativa<\/a>.<\/p>\n","protected":false},"excerpt":{"rendered":"<p>Cd. Victoria, Tamaulipas.- La Universidad Aut\u00f3noma de Tamaulipas (UAT) reanuda sus actividades acad\u00e9micas y administrativas este lunes 13 de abril de 2026, luego de concluir el periodo vacacional de primavera establecido en el calendario escolar y administrativo vigente. Con el regreso a labores del personal sindicalizado y de confianza, as\u00ed como de la comunidad docente [&hellip;]<\/p>\n","protected":false},"author":1,"featured_media":50015,"comment_status":"open","ping_status":"closed","sticky":false,"template":"","format":"standard","meta":{"_jetpack_memberships_contains_paid_content":false,"footnotes":"","jetpack_publicize_message":"","jetpack_publicize_feature_enabled":true,"jetpack_social_post_already_shared":true,"jetpack_social_options":{"image_generator_settings":{"template":"highway","default_image_id":0,"font":"","enabled":false},"version":2}},"categories":[7,8],"tags":[],"class_list":["post-50016","post","type-post","status-publish","format-standard","has-post-thumbnail","hentry","category-uat","category-universidad"],"jetpack_publicize_connections":[],"jetpack_featured_media_url":"https:\/\/perfilinformativo.mx\/wp-content\/uploads\/2026\/04\/12-abr-U-1-Concluye-UAT-periodo-vacacional-y-reanuda-actividades-en-sus-campus-1.jpg","jetpack_sharing_enabled":true,"rttpg_featured_image_url":{"full":["https:\/\/perfilinformativo.mx\/wp-content\/uploads\/2026\/04\/12-abr-U-1-Concluye-UAT-periodo-vacacional-y-reanuda-actividades-en-sus-campus-1.jpg",1500,1000,false],"landscape":["https:\/\/perfilinformativo.mx\/wp-content\/uploads\/2026\/04\/12-abr-U-1-Concluye-UAT-periodo-vacacional-y-reanuda-actividades-en-sus-campus-1.jpg",1500,1000,false],"portraits":["https:\/\/perfilinformativo.mx\/wp-content\/uploads\/2026\/04\/12-abr-U-1-Concluye-UAT-periodo-vacacional-y-reanuda-actividades-en-sus-campus-1.jpg",1500,1000,false],"thumbnail":["https:\/\/perfilinformativo.mx\/wp-content\/uploads\/2026\/04\/12-abr-U-1-Concluye-UAT-periodo-vacacional-y-reanuda-actividades-en-sus-campus-1-150x150.jpg",150,150,true],"medium":["https:\/\/perfilinformativo.mx\/wp-content\/uploads\/2026\/04\/12-abr-U-1-Concluye-UAT-periodo-vacacional-y-reanuda-actividades-en-sus-campus-1-300x200.jpg",300,200,true],"large":["https:\/\/perfilinformativo.mx\/wp-content\/uploads\/2026\/04\/12-abr-U-1-Concluye-UAT-periodo-vacacional-y-reanuda-actividades-en-sus-campus-1-1024x683.jpg",640,427,true],"1536x1536":["https:\/\/perfilinformativo.mx\/wp-content\/uploads\/2026\/04\/12-abr-U-1-Concluye-UAT-periodo-vacacional-y-reanuda-actividades-en-sus-campus-1.jpg",1500,1000,false],"2048x2048":["https:\/\/perfilinformativo.mx\/wp-content\/uploads\/2026\/04\/12-abr-U-1-Concluye-UAT-periodo-vacacional-y-reanuda-actividades-en-sus-campus-1.jpg",1500,1000,false]},"rttpg_author":{"display_name":"admin","author_link":"https:\/\/perfilinformativo.mx\/index.php\/author\/admin_wj6ymx5f\/"},"rttpg_comment":0,"rttpg_category":"<a href=\"https:\/\/perfilinformativo.mx\/index.php\/category\/uat\/\" rel=\"category tag\">UAT<\/a> <a href=\"https:\/\/perfilinformativo.mx\/index.php\/category\/universidad\/\" rel=\"category tag\">Universidad<\/a>","rttpg_excerpt":"Cd. Victoria, Tamaulipas.- La Universidad Aut\u00f3noma de Tamaulipas (UAT) reanuda sus actividades acad\u00e9micas y administrativas este lunes 13 de abril de 2026, luego de concluir el periodo vacacional de primavera establecido en el calendario escolar y administrativo vigente. Con el regreso a labores del personal sindicalizado y de confianza, as\u00ed como de la comunidad docente&hellip;","_links":{"self":[{"href":"https:\/\/perfilinformativo.mx\/index.php\/wp-json\/wp\/v2\/posts\/50016","targetHints":{"allow":["GET"]}}],"collection":[{"href":"https:\/\/perfilinformativo.mx\/index.php\/wp-json\/wp\/v2\/posts"}],"about":[{"href":"https:\/\/perfilinformativo.mx\/index.php\/wp-json\/wp\/v2\/types\/post"}],"author":[{"embeddable":true,"href":"https:\/\/perfilinformativo.mx\/index.php\/wp-json\/wp\/v2\/users\/1"}],"replies":[{"embeddable":true,"href":"https:\/\/perfilinformativo.mx\/index.php\/wp-json\/wp\/v2\/comments?post=50016"}],"version-history":[{"count":1,"href":"https:\/\/perfilinformativo.mx\/index.php\/wp-json\/wp\/v2\/posts\/50016\/revisions"}],"predecessor-version":[{"id":50017,"href":"https:\/\/perfilinformativo.mx\/index.php\/wp-json\/wp\/v2\/posts\/50016\/revisions\/50017"}],"wp:featuredmedia":[{"embeddable":true,"href":"https:\/\/perfilinformativo.mx\/index.php\/wp-json\/wp\/v2\/media\/50015"}],"wp:attachment":[{"href":"https:\/\/perfilinformativo.mx\/index.php\/wp-json\/wp\/v2\/media?parent=50016"}],"wp:term":[{"taxonomy":"category","embeddable":true,"href":"https:\/\/perfilinformativo.mx\/index.php\/wp-json\/wp\/v2\/categories?post=50016"},{"taxonomy":"post_tag","embeddable":true,"href":"https:\/\/perfilinformativo.mx\/index.php\/wp-json\/wp\/v2\/tags?post=50016"}],"curies":[{"name":"wp","href":"https:\/\/api.w.org\/{rel}","templated":true}]}}