{"id":49964,"date":"2026-04-09T18:00:42","date_gmt":"2026-04-10T00:00:42","guid":{"rendered":"https:\/\/perfilinformativo.mx\/?p=49964"},"modified":"2026-04-12T14:58:05","modified_gmt":"2026-04-12T20:58:05","slug":"realiza-secretario-general-de-gobierno-recorrido-de-supervision-en-la-oficialia-primera-del-registro-civil-de-ciudad-madero","status":"publish","type":"post","link":"https:\/\/perfilinformativo.mx\/index.php\/2026\/04\/09\/realiza-secretario-general-de-gobierno-recorrido-de-supervision-en-la-oficialia-primera-del-registro-civil-de-ciudad-madero\/","title":{"rendered":"Realiza secretario general de Gobierno recorrido de supervisi\u00f3n en la Oficial\u00eda Primera del Registro Civil de Ciudad Madero"},"content":{"rendered":"<p>Ciudad Madero, Tamaulipas.\u2013 Con el objetivo de garantizar que los servicios p\u00fablicos se otorguen con eficacia y prontitud, el secretario general de Gobierno, H\u00e9ctor Joel Villegas Gonz\u00e1lez, realiz\u00f3 una visita a la Oficial\u00eda Primera del Registro Civil en Ciudad Madero, donde salud\u00f3 al personal y a las y los ciudadanos que acudieron a realizar sus tr\u00e1mites.<\/p>\n<p>Durante su recorrido, Villegas Gonz\u00e1lez enfatiz\u00f3 la importancia de mantener un contacto directo con la ciudadan\u00eda, lo que permite supervisar de primera mano la calidad y eficiencia en la atenci\u00f3n. Asimismo, escuch\u00f3 las sugerencias y comentarios de las y los usuarios, fortaleciendo la retroalimentaci\u00f3n que contribuye a mejorar los servicios p\u00fablicos.<\/p>\n<p>Indic\u00f3 que estas acciones reflejan el compromiso del Gobierno del Estado, encabezado por Am\u00e9rico Villarreal Anaya, de ofrecer una administraci\u00f3n cercana, transparente y eficiente. La supervisi\u00f3n constante y la atenci\u00f3n directa forman parte de una estrategia integral para garantizar que los tr\u00e1mites y servicios lleguen de manera oportuna y con calidad a todas las familias tamaulipecas.<\/p>\n<p>El secretario general de Gobierno reiter\u00f3 que estas visitas forman parte de un esfuerzo continuo por reforzar la profesionalizaci\u00f3n del personal, optimizar los procesos internos y asegurar que cada ciudadano reciba un trato digno y respetuoso, consolidando as\u00ed un gobierno humano, accesible y enfocado en el bienestar de la poblaci\u00f3n.<\/p>\n","protected":false},"excerpt":{"rendered":"<p>Ciudad Madero, Tamaulipas.\u2013 Con el objetivo de garantizar que los servicios p\u00fablicos se otorguen con eficacia y prontitud, el secretario general de Gobierno, H\u00e9ctor Joel Villegas Gonz\u00e1lez, realiz\u00f3 una visita a la Oficial\u00eda Primera del Registro Civil en Ciudad Madero, donde salud\u00f3 al personal y a las y los ciudadanos que acudieron a realizar sus [&hellip;]<\/p>\n","protected":false},"author":1,"featured_media":49963,"comment_status":"open","ping_status":"closed","sticky":false,"template":"","format":"standard","meta":{"_jetpack_memberships_contains_paid_content":false,"footnotes":"","jetpack_publicize_message":"","jetpack_publicize_feature_enabled":true,"jetpack_social_post_already_shared":true,"jetpack_social_options":{"image_generator_settings":{"template":"highway","default_image_id":0,"font":"","enabled":false},"version":2}},"categories":[3],"tags":[],"class_list":["post-49964","post","type-post","status-publish","format-standard","has-post-thumbnail","hentry","category-estatal"],"jetpack_publicize_connections":[],"jetpack_featured_media_url":"https:\/\/perfilinformativo.mx\/wp-content\/uploads\/2026\/04\/9-abr-E-2-Realiza-secretario-general-de-Gobierno-recorrido-de-supervision-en-la-Oficialia-Primera-del-Registro-Civil-de-Ciudad-Madero.jpeg","jetpack_sharing_enabled":true,"rttpg_featured_image_url":{"full":["https:\/\/perfilinformativo.mx\/wp-content\/uploads\/2026\/04\/9-abr-E-2-Realiza-secretario-general-de-Gobierno-recorrido-de-supervision-en-la-Oficialia-Primera-del-Registro-Civil-de-Ciudad-Madero.jpeg",960,1280,false],"landscape":["https:\/\/perfilinformativo.mx\/wp-content\/uploads\/2026\/04\/9-abr-E-2-Realiza-secretario-general-de-Gobierno-recorrido-de-supervision-en-la-Oficialia-Primera-del-Registro-Civil-de-Ciudad-Madero.jpeg",960,1280,false],"portraits":["https:\/\/perfilinformativo.mx\/wp-content\/uploads\/2026\/04\/9-abr-E-2-Realiza-secretario-general-de-Gobierno-recorrido-de-supervision-en-la-Oficialia-Primera-del-Registro-Civil-de-Ciudad-Madero.jpeg",960,1280,false],"thumbnail":["https:\/\/perfilinformativo.mx\/wp-content\/uploads\/2026\/04\/9-abr-E-2-Realiza-secretario-general-de-Gobierno-recorrido-de-supervision-en-la-Oficialia-Primera-del-Registro-Civil-de-Ciudad-Madero-150x150.jpeg",150,150,true],"medium":["https:\/\/perfilinformativo.mx\/wp-content\/uploads\/2026\/04\/9-abr-E-2-Realiza-secretario-general-de-Gobierno-recorrido-de-supervision-en-la-Oficialia-Primera-del-Registro-Civil-de-Ciudad-Madero-225x300.jpeg",225,300,true],"large":["https:\/\/perfilinformativo.mx\/wp-content\/uploads\/2026\/04\/9-abr-E-2-Realiza-secretario-general-de-Gobierno-recorrido-de-supervision-en-la-Oficialia-Primera-del-Registro-Civil-de-Ciudad-Madero-768x1024.jpeg",640,853,true],"1536x1536":["https:\/\/perfilinformativo.mx\/wp-content\/uploads\/2026\/04\/9-abr-E-2-Realiza-secretario-general-de-Gobierno-recorrido-de-supervision-en-la-Oficialia-Primera-del-Registro-Civil-de-Ciudad-Madero.jpeg",960,1280,false],"2048x2048":["https:\/\/perfilinformativo.mx\/wp-content\/uploads\/2026\/04\/9-abr-E-2-Realiza-secretario-general-de-Gobierno-recorrido-de-supervision-en-la-Oficialia-Primera-del-Registro-Civil-de-Ciudad-Madero.jpeg",960,1280,false]},"rttpg_author":{"display_name":"admin","author_link":"https:\/\/perfilinformativo.mx\/index.php\/author\/admin_wj6ymx5f\/"},"rttpg_comment":0,"rttpg_category":"<a href=\"https:\/\/perfilinformativo.mx\/index.php\/category\/estatal\/\" rel=\"category tag\">Estatal<\/a>","rttpg_excerpt":"Ciudad Madero, Tamaulipas.\u2013 Con el objetivo de garantizar que los servicios p\u00fablicos se otorguen con eficacia y prontitud, el secretario general de Gobierno, H\u00e9ctor Joel Villegas Gonz\u00e1lez, realiz\u00f3 una visita a la Oficial\u00eda Primera del Registro Civil en Ciudad Madero, donde salud\u00f3 al personal y a las y los ciudadanos que acudieron a realizar sus&hellip;","_links":{"self":[{"href":"https:\/\/perfilinformativo.mx\/index.php\/wp-json\/wp\/v2\/posts\/49964","targetHints":{"allow":["GET"]}}],"collection":[{"href":"https:\/\/perfilinformativo.mx\/index.php\/wp-json\/wp\/v2\/posts"}],"about":[{"href":"https:\/\/perfilinformativo.mx\/index.php\/wp-json\/wp\/v2\/types\/post"}],"author":[{"embeddable":true,"href":"https:\/\/perfilinformativo.mx\/index.php\/wp-json\/wp\/v2\/users\/1"}],"replies":[{"embeddable":true,"href":"https:\/\/perfilinformativo.mx\/index.php\/wp-json\/wp\/v2\/comments?post=49964"}],"version-history":[{"count":1,"href":"https:\/\/perfilinformativo.mx\/index.php\/wp-json\/wp\/v2\/posts\/49964\/revisions"}],"predecessor-version":[{"id":49965,"href":"https:\/\/perfilinformativo.mx\/index.php\/wp-json\/wp\/v2\/posts\/49964\/revisions\/49965"}],"wp:featuredmedia":[{"embeddable":true,"href":"https:\/\/perfilinformativo.mx\/index.php\/wp-json\/wp\/v2\/media\/49963"}],"wp:attachment":[{"href":"https:\/\/perfilinformativo.mx\/index.php\/wp-json\/wp\/v2\/media?parent=49964"}],"wp:term":[{"taxonomy":"category","embeddable":true,"href":"https:\/\/perfilinformativo.mx\/index.php\/wp-json\/wp\/v2\/categories?post=49964"},{"taxonomy":"post_tag","embeddable":true,"href":"https:\/\/perfilinformativo.mx\/index.php\/wp-json\/wp\/v2\/tags?post=49964"}],"curies":[{"name":"wp","href":"https:\/\/api.w.org\/{rel}","templated":true}]}}