{"id":49941,"date":"2026-04-07T18:00:14","date_gmt":"2026-04-08T00:00:14","guid":{"rendered":"https:\/\/perfilinformativo.mx\/?p=49941"},"modified":"2026-04-08T16:16:32","modified_gmt":"2026-04-08T22:16:32","slug":"obras-prioritarias-del-estado-avanzan-en-el-sur-de-tamaulipas-comapa","status":"publish","type":"post","link":"https:\/\/perfilinformativo.mx\/index.php\/2026\/04\/07\/obras-prioritarias-del-estado-avanzan-en-el-sur-de-tamaulipas-comapa\/","title":{"rendered":"Obras prioritarias del Estado avanzan en el sur de Tamaulipas: COMAPA"},"content":{"rendered":"<p>Tampico, Tamaulipas.- El Gobierno del Estado acelera su programa de obras prioritarias en Tampico y Ciudad Madero, en coordinaci\u00f3n con los ayuntamientos y COMAPA Sur, con el objetivo de mejorar calles, atender socavones y garantizar la seguridad de las familias.<\/p>\n<p>Estas acciones cuentan con el respaldo del gobernador, Dr. Am\u00e9rico Villarreal Anaya, y reflejan el trabajo conjunto entre los distintos niveles de gobierno para ofrecer soluciones r\u00e1pidas y efectivas.<\/p>\n<p>En Tampico, ya concluy\u00f3 la calle M\u00e9xico, en la colonia Laguna de la Puerta, mientras que contin\u00faan los trabajos en la calle Burgos, colonia Volant\u00edn, y en las calles 10 y 1, de la colonia Enrique C\u00e1rdenas Gonz\u00e1lez.<\/p>\n<p>En Ciudad Madero, los trabajos en la calle Sinaloa, de la colonia Unidad Nacional, se encuentran en etapa final, y avanzan tambi\u00e9n las labores en las colonias Benito Ju\u00e1rez y Carlos Jim\u00e9nez Mac\u00edas.<\/p>\n<p>Con estas acciones, el Gobierno del Estado refrenda su compromiso de atender de manera oportuna las necesidades de infraestructura urbana y mejorar la calidad de vida de las familias del sur de Tamaulipas.<\/p>\n","protected":false},"excerpt":{"rendered":"<p>Tampico, Tamaulipas.- El Gobierno del Estado acelera su programa de obras prioritarias en Tampico y Ciudad Madero, en coordinaci\u00f3n con los ayuntamientos y COMAPA Sur, con el objetivo de mejorar calles, atender socavones y garantizar la seguridad de las familias. Estas acciones cuentan con el respaldo del gobernador, Dr. Am\u00e9rico Villarreal Anaya, y reflejan el [&hellip;]<\/p>\n","protected":false},"author":1,"featured_media":49940,"comment_status":"open","ping_status":"closed","sticky":false,"template":"","format":"standard","meta":{"_jetpack_memberships_contains_paid_content":false,"footnotes":"","jetpack_publicize_message":"","jetpack_publicize_feature_enabled":true,"jetpack_social_post_already_shared":true,"jetpack_social_options":{"image_generator_settings":{"template":"highway","default_image_id":0,"font":"","enabled":false},"version":2}},"categories":[9],"tags":[],"class_list":["post-49941","post","type-post","status-publish","format-standard","has-post-thumbnail","hentry","category-zona-conurbada-del-sur"],"jetpack_publicize_connections":[],"jetpack_featured_media_url":"https:\/\/perfilinformativo.mx\/wp-content\/uploads\/2026\/04\/7-abr-Z-1-Obras-prioritarias-del-Estado-avanzan-en-el-sur-de-Tamaulipas.jpeg","jetpack_sharing_enabled":true,"rttpg_featured_image_url":{"full":["https:\/\/perfilinformativo.mx\/wp-content\/uploads\/2026\/04\/7-abr-Z-1-Obras-prioritarias-del-Estado-avanzan-en-el-sur-de-Tamaulipas.jpeg",1600,1200,false],"landscape":["https:\/\/perfilinformativo.mx\/wp-content\/uploads\/2026\/04\/7-abr-Z-1-Obras-prioritarias-del-Estado-avanzan-en-el-sur-de-Tamaulipas.jpeg",1600,1200,false],"portraits":["https:\/\/perfilinformativo.mx\/wp-content\/uploads\/2026\/04\/7-abr-Z-1-Obras-prioritarias-del-Estado-avanzan-en-el-sur-de-Tamaulipas.jpeg",1600,1200,false],"thumbnail":["https:\/\/perfilinformativo.mx\/wp-content\/uploads\/2026\/04\/7-abr-Z-1-Obras-prioritarias-del-Estado-avanzan-en-el-sur-de-Tamaulipas-150x150.jpeg",150,150,true],"medium":["https:\/\/perfilinformativo.mx\/wp-content\/uploads\/2026\/04\/7-abr-Z-1-Obras-prioritarias-del-Estado-avanzan-en-el-sur-de-Tamaulipas-300x225.jpeg",300,225,true],"large":["https:\/\/perfilinformativo.mx\/wp-content\/uploads\/2026\/04\/7-abr-Z-1-Obras-prioritarias-del-Estado-avanzan-en-el-sur-de-Tamaulipas-1024x768.jpeg",640,480,true],"1536x1536":["https:\/\/perfilinformativo.mx\/wp-content\/uploads\/2026\/04\/7-abr-Z-1-Obras-prioritarias-del-Estado-avanzan-en-el-sur-de-Tamaulipas-1536x1152.jpeg",1536,1152,true],"2048x2048":["https:\/\/perfilinformativo.mx\/wp-content\/uploads\/2026\/04\/7-abr-Z-1-Obras-prioritarias-del-Estado-avanzan-en-el-sur-de-Tamaulipas.jpeg",1600,1200,false]},"rttpg_author":{"display_name":"admin","author_link":"https:\/\/perfilinformativo.mx\/index.php\/author\/admin_wj6ymx5f\/"},"rttpg_comment":0,"rttpg_category":"<a href=\"https:\/\/perfilinformativo.mx\/index.php\/category\/zona-conurbada-del-sur\/\" rel=\"category tag\">Zona conurbada del sur<\/a>","rttpg_excerpt":"Tampico, Tamaulipas.- El Gobierno del Estado acelera su programa de obras prioritarias en Tampico y Ciudad Madero, en coordinaci\u00f3n con los ayuntamientos y COMAPA Sur, con el objetivo de mejorar calles, atender socavones y garantizar la seguridad de las familias. Estas acciones cuentan con el respaldo del gobernador, Dr. Am\u00e9rico Villarreal Anaya, y reflejan el&hellip;","_links":{"self":[{"href":"https:\/\/perfilinformativo.mx\/index.php\/wp-json\/wp\/v2\/posts\/49941","targetHints":{"allow":["GET"]}}],"collection":[{"href":"https:\/\/perfilinformativo.mx\/index.php\/wp-json\/wp\/v2\/posts"}],"about":[{"href":"https:\/\/perfilinformativo.mx\/index.php\/wp-json\/wp\/v2\/types\/post"}],"author":[{"embeddable":true,"href":"https:\/\/perfilinformativo.mx\/index.php\/wp-json\/wp\/v2\/users\/1"}],"replies":[{"embeddable":true,"href":"https:\/\/perfilinformativo.mx\/index.php\/wp-json\/wp\/v2\/comments?post=49941"}],"version-history":[{"count":1,"href":"https:\/\/perfilinformativo.mx\/index.php\/wp-json\/wp\/v2\/posts\/49941\/revisions"}],"predecessor-version":[{"id":49942,"href":"https:\/\/perfilinformativo.mx\/index.php\/wp-json\/wp\/v2\/posts\/49941\/revisions\/49942"}],"wp:featuredmedia":[{"embeddable":true,"href":"https:\/\/perfilinformativo.mx\/index.php\/wp-json\/wp\/v2\/media\/49940"}],"wp:attachment":[{"href":"https:\/\/perfilinformativo.mx\/index.php\/wp-json\/wp\/v2\/media?parent=49941"}],"wp:term":[{"taxonomy":"category","embeddable":true,"href":"https:\/\/perfilinformativo.mx\/index.php\/wp-json\/wp\/v2\/categories?post=49941"},{"taxonomy":"post_tag","embeddable":true,"href":"https:\/\/perfilinformativo.mx\/index.php\/wp-json\/wp\/v2\/tags?post=49941"}],"curies":[{"name":"wp","href":"https:\/\/api.w.org\/{rel}","templated":true}]}}