{"id":49933,"date":"2026-04-07T18:00:24","date_gmt":"2026-04-08T00:00:24","guid":{"rendered":"https:\/\/perfilinformativo.mx\/?p=49933"},"modified":"2026-04-08T16:13:40","modified_gmt":"2026-04-08T22:13:40","slug":"entrega-lalo-gattas-nuevo-camion-de-bomberos-y-equipamiento-a-proteccion-civil","status":"publish","type":"post","link":"https:\/\/perfilinformativo.mx\/index.php\/2026\/04\/07\/entrega-lalo-gattas-nuevo-camion-de-bomberos-y-equipamiento-a-proteccion-civil\/","title":{"rendered":"Entrega Lalo Gatt\u00e1s nuevo cami\u00f3n de bomberos y equipamiento a Protecci\u00f3n Civil."},"content":{"rendered":"<p>Cd. Victoria, Tamaulipas. \u2013 El presidente municipal de Victoria, Eduardo Gatt\u00e1s B\u00e1ez, entreg\u00f3 este d\u00eda equipo especializado y cami\u00f3n cisterna a la Coordinaci\u00f3n de Protecci\u00f3n Civil y Bomberos para la atenci\u00f3n r\u00e1pida y eficiente de emergencias o siniestros que pongan en riesgo a la poblaci\u00f3n.<\/p>\n<p>\u201cProtecci\u00f3n Civil protege vidas y bienes, por ello reconocemos su trabajo, valoramos su entrega y respaldamos su labor\u201d expres\u00f3 Gatt\u00e1s B\u00e1ez a nombre de integrantes del Cabildo local y mandos de la Guardia Nacional y Guardia Estatal que asistieron al acto oficial.<\/p>\n<p>Al recibir el equipamiento, el coordinador de la corporaci\u00f3n municipal, Livio Flores Rodr\u00edguez, agradeci\u00f3 y reconoci\u00f3 al alcalde de la Capital la gesti\u00f3n de extintores y unidad con sistema de bombeo que permitir\u00e1 al personal realizar con mayor seguridad y eficiencia su labor.<\/p>\n<p>El equipo asignado a Protecci\u00f3n Civil y Bomberos se complement\u00f3 con quijadas de la vida, sujetadores de veh\u00edculos y camillas, para la atenci\u00f3n de accidentes viales, seguridad de la poblaci\u00f3n y protecci\u00f3n de su patrimonio.<\/p>\n","protected":false},"excerpt":{"rendered":"<p>Cd. Victoria, Tamaulipas. \u2013 El presidente municipal de Victoria, Eduardo Gatt\u00e1s B\u00e1ez, entreg\u00f3 este d\u00eda equipo especializado y cami\u00f3n cisterna a la Coordinaci\u00f3n de Protecci\u00f3n Civil y Bomberos para la atenci\u00f3n r\u00e1pida y eficiente de emergencias o siniestros que pongan en riesgo a la poblaci\u00f3n. \u201cProtecci\u00f3n Civil protege vidas y bienes, por ello reconocemos su [&hellip;]<\/p>\n","protected":false},"author":1,"featured_media":49932,"comment_status":"open","ping_status":"closed","sticky":false,"template":"","format":"standard","meta":{"_jetpack_memberships_contains_paid_content":false,"footnotes":"","jetpack_publicize_message":"","jetpack_publicize_feature_enabled":true,"jetpack_social_post_already_shared":true,"jetpack_social_options":{"image_generator_settings":{"template":"highway","default_image_id":0,"font":"","enabled":false},"version":2}},"categories":[2],"tags":[],"class_list":["post-49933","post","type-post","status-publish","format-standard","has-post-thumbnail","hentry","category-local"],"jetpack_publicize_connections":[],"jetpack_featured_media_url":"https:\/\/perfilinformativo.mx\/wp-content\/uploads\/2026\/04\/7-abr-L-1-Entrega-Lalo-Gattas-nuevo-camion-de-bomberos-y-equipamiento-a-Proteccion-Civil.jpg","jetpack_sharing_enabled":true,"rttpg_featured_image_url":{"full":["https:\/\/perfilinformativo.mx\/wp-content\/uploads\/2026\/04\/7-abr-L-1-Entrega-Lalo-Gattas-nuevo-camion-de-bomberos-y-equipamiento-a-Proteccion-Civil.jpg",1280,852,false],"landscape":["https:\/\/perfilinformativo.mx\/wp-content\/uploads\/2026\/04\/7-abr-L-1-Entrega-Lalo-Gattas-nuevo-camion-de-bomberos-y-equipamiento-a-Proteccion-Civil.jpg",1280,852,false],"portraits":["https:\/\/perfilinformativo.mx\/wp-content\/uploads\/2026\/04\/7-abr-L-1-Entrega-Lalo-Gattas-nuevo-camion-de-bomberos-y-equipamiento-a-Proteccion-Civil.jpg",1280,852,false],"thumbnail":["https:\/\/perfilinformativo.mx\/wp-content\/uploads\/2026\/04\/7-abr-L-1-Entrega-Lalo-Gattas-nuevo-camion-de-bomberos-y-equipamiento-a-Proteccion-Civil-150x150.jpg",150,150,true],"medium":["https:\/\/perfilinformativo.mx\/wp-content\/uploads\/2026\/04\/7-abr-L-1-Entrega-Lalo-Gattas-nuevo-camion-de-bomberos-y-equipamiento-a-Proteccion-Civil-300x200.jpg",300,200,true],"large":["https:\/\/perfilinformativo.mx\/wp-content\/uploads\/2026\/04\/7-abr-L-1-Entrega-Lalo-Gattas-nuevo-camion-de-bomberos-y-equipamiento-a-Proteccion-Civil-1024x682.jpg",640,426,true],"1536x1536":["https:\/\/perfilinformativo.mx\/wp-content\/uploads\/2026\/04\/7-abr-L-1-Entrega-Lalo-Gattas-nuevo-camion-de-bomberos-y-equipamiento-a-Proteccion-Civil.jpg",1280,852,false],"2048x2048":["https:\/\/perfilinformativo.mx\/wp-content\/uploads\/2026\/04\/7-abr-L-1-Entrega-Lalo-Gattas-nuevo-camion-de-bomberos-y-equipamiento-a-Proteccion-Civil.jpg",1280,852,false]},"rttpg_author":{"display_name":"admin","author_link":"https:\/\/perfilinformativo.mx\/index.php\/author\/admin_wj6ymx5f\/"},"rttpg_comment":0,"rttpg_category":"<a href=\"https:\/\/perfilinformativo.mx\/index.php\/category\/local\/\" rel=\"category tag\">Local<\/a>","rttpg_excerpt":"Cd. Victoria, Tamaulipas. \u2013 El presidente municipal de Victoria, Eduardo Gatt\u00e1s B\u00e1ez, entreg\u00f3 este d\u00eda equipo especializado y cami\u00f3n cisterna a la Coordinaci\u00f3n de Protecci\u00f3n Civil y Bomberos para la atenci\u00f3n r\u00e1pida y eficiente de emergencias o siniestros que pongan en riesgo a la poblaci\u00f3n. \u201cProtecci\u00f3n Civil protege vidas y bienes, por ello reconocemos su&hellip;","_links":{"self":[{"href":"https:\/\/perfilinformativo.mx\/index.php\/wp-json\/wp\/v2\/posts\/49933","targetHints":{"allow":["GET"]}}],"collection":[{"href":"https:\/\/perfilinformativo.mx\/index.php\/wp-json\/wp\/v2\/posts"}],"about":[{"href":"https:\/\/perfilinformativo.mx\/index.php\/wp-json\/wp\/v2\/types\/post"}],"author":[{"embeddable":true,"href":"https:\/\/perfilinformativo.mx\/index.php\/wp-json\/wp\/v2\/users\/1"}],"replies":[{"embeddable":true,"href":"https:\/\/perfilinformativo.mx\/index.php\/wp-json\/wp\/v2\/comments?post=49933"}],"version-history":[{"count":1,"href":"https:\/\/perfilinformativo.mx\/index.php\/wp-json\/wp\/v2\/posts\/49933\/revisions"}],"predecessor-version":[{"id":49934,"href":"https:\/\/perfilinformativo.mx\/index.php\/wp-json\/wp\/v2\/posts\/49933\/revisions\/49934"}],"wp:featuredmedia":[{"embeddable":true,"href":"https:\/\/perfilinformativo.mx\/index.php\/wp-json\/wp\/v2\/media\/49932"}],"wp:attachment":[{"href":"https:\/\/perfilinformativo.mx\/index.php\/wp-json\/wp\/v2\/media?parent=49933"}],"wp:term":[{"taxonomy":"category","embeddable":true,"href":"https:\/\/perfilinformativo.mx\/index.php\/wp-json\/wp\/v2\/categories?post=49933"},{"taxonomy":"post_tag","embeddable":true,"href":"https:\/\/perfilinformativo.mx\/index.php\/wp-json\/wp\/v2\/tags?post=49933"}],"curies":[{"name":"wp","href":"https:\/\/api.w.org\/{rel}","templated":true}]}}