{"id":49909,"date":"2026-04-06T14:43:08","date_gmt":"2026-04-06T20:43:08","guid":{"rendered":"https:\/\/perfilinformativo.mx\/?p=49909"},"modified":"2026-04-06T14:43:13","modified_gmt":"2026-04-06T20:43:13","slug":"operativo-de-seguridad-vacacional-deja-saldo-blanco-en-victoria","status":"publish","type":"post","link":"https:\/\/perfilinformativo.mx\/index.php\/2026\/04\/06\/operativo-de-seguridad-vacacional-deja-saldo-blanco-en-victoria\/","title":{"rendered":"Operativo de seguridad vacacional deja saldo blanco en Victoria."},"content":{"rendered":"<p>Cd. Victoria, Tamaulipas. \u2013 C\u00f3mo resultado de las acciones preventivas y de atenci\u00f3n ciudadana que instruy\u00f3 el alcalde de Victoria Eduardo Gatt\u00e1s B\u00e1ez implementar, en coordinaci\u00f3n con instituciones de seguridad del gobierno del Estado y fuerzas militares, el periodo vacacional de Semana Santa concluy\u00f3 con saldo blanco.<\/p>\n<p>Hugo Res\u00e9ndez Silva, secretario del Ayuntamiento, inform\u00f3 que la estrategia planeada en la Mesa de Seguridad Municipal garantiz\u00f3 la seguridad, el orden y sana convivencia en el festival art\u00edstico San Marcazo, San Markids, centros recreativos del DIF y balnearios de la zona rural de la Capital.<\/p>\n<p>\u201cLa consigna del presidente municipal Eduardo Gatt\u00e1s B\u00e1ez fue brindar la atenci\u00f3n y seguridad al ciudadano y visitantes para que disfrutar\u00e1n con tranquilidad las maravillas naturales de Victoria. Con agrado informo del saldo blanco en todos los centros tur\u00edsticos donde se registr\u00f3 una afluencia importante\u201d subray\u00f3.<\/p>\n<p>Reconoci\u00f3 la colaboraci\u00f3n de personal de Guardia Nacional, SEDENA y Guardia Estatal con Protecci\u00f3n Civil y Tr\u00e1nsito Municipal en preservar la paz social y vial; as\u00ed como de Cruz \u00c1mbar en la atenci\u00f3n de servicios de emergencia y atenci\u00f3n medica en la semana del periodo vacacional.<\/p>\n","protected":false},"excerpt":{"rendered":"<p>Cd. Victoria, Tamaulipas. \u2013 C\u00f3mo resultado de las acciones preventivas y de atenci\u00f3n ciudadana que instruy\u00f3 el alcalde de Victoria Eduardo Gatt\u00e1s B\u00e1ez implementar, en coordinaci\u00f3n con instituciones de seguridad del gobierno del Estado y fuerzas militares, el periodo vacacional de Semana Santa concluy\u00f3 con saldo blanco. Hugo Res\u00e9ndez Silva, secretario del Ayuntamiento, inform\u00f3 que [&hellip;]<\/p>\n","protected":false},"author":1,"featured_media":49908,"comment_status":"open","ping_status":"closed","sticky":false,"template":"","format":"standard","meta":{"_jetpack_memberships_contains_paid_content":false,"footnotes":"","jetpack_publicize_message":"","jetpack_publicize_feature_enabled":true,"jetpack_social_post_already_shared":true,"jetpack_social_options":{"image_generator_settings":{"template":"highway","default_image_id":0,"font":"","enabled":false},"version":2}},"categories":[2],"tags":[],"class_list":["post-49909","post","type-post","status-publish","format-standard","has-post-thumbnail","hentry","category-local"],"jetpack_publicize_connections":[],"jetpack_featured_media_url":"https:\/\/perfilinformativo.mx\/wp-content\/uploads\/2026\/04\/6-abr-L-1-Operativo-de-seguridad-vacacional-deja-saldo-blanco-en-Victoria.jpeg","jetpack_sharing_enabled":true,"rttpg_featured_image_url":{"full":["https:\/\/perfilinformativo.mx\/wp-content\/uploads\/2026\/04\/6-abr-L-1-Operativo-de-seguridad-vacacional-deja-saldo-blanco-en-Victoria.jpeg",1600,1066,false],"landscape":["https:\/\/perfilinformativo.mx\/wp-content\/uploads\/2026\/04\/6-abr-L-1-Operativo-de-seguridad-vacacional-deja-saldo-blanco-en-Victoria.jpeg",1600,1066,false],"portraits":["https:\/\/perfilinformativo.mx\/wp-content\/uploads\/2026\/04\/6-abr-L-1-Operativo-de-seguridad-vacacional-deja-saldo-blanco-en-Victoria.jpeg",1600,1066,false],"thumbnail":["https:\/\/perfilinformativo.mx\/wp-content\/uploads\/2026\/04\/6-abr-L-1-Operativo-de-seguridad-vacacional-deja-saldo-blanco-en-Victoria-150x150.jpeg",150,150,true],"medium":["https:\/\/perfilinformativo.mx\/wp-content\/uploads\/2026\/04\/6-abr-L-1-Operativo-de-seguridad-vacacional-deja-saldo-blanco-en-Victoria-300x200.jpeg",300,200,true],"large":["https:\/\/perfilinformativo.mx\/wp-content\/uploads\/2026\/04\/6-abr-L-1-Operativo-de-seguridad-vacacional-deja-saldo-blanco-en-Victoria-1024x682.jpeg",640,426,true],"1536x1536":["https:\/\/perfilinformativo.mx\/wp-content\/uploads\/2026\/04\/6-abr-L-1-Operativo-de-seguridad-vacacional-deja-saldo-blanco-en-Victoria-1536x1023.jpeg",1536,1023,true],"2048x2048":["https:\/\/perfilinformativo.mx\/wp-content\/uploads\/2026\/04\/6-abr-L-1-Operativo-de-seguridad-vacacional-deja-saldo-blanco-en-Victoria.jpeg",1600,1066,false]},"rttpg_author":{"display_name":"admin","author_link":"https:\/\/perfilinformativo.mx\/index.php\/author\/admin_wj6ymx5f\/"},"rttpg_comment":0,"rttpg_category":"<a href=\"https:\/\/perfilinformativo.mx\/index.php\/category\/local\/\" rel=\"category tag\">Local<\/a>","rttpg_excerpt":"Cd. Victoria, Tamaulipas. \u2013 C\u00f3mo resultado de las acciones preventivas y de atenci\u00f3n ciudadana que instruy\u00f3 el alcalde de Victoria Eduardo Gatt\u00e1s B\u00e1ez implementar, en coordinaci\u00f3n con instituciones de seguridad del gobierno del Estado y fuerzas militares, el periodo vacacional de Semana Santa concluy\u00f3 con saldo blanco. Hugo Res\u00e9ndez Silva, secretario del Ayuntamiento, inform\u00f3 que&hellip;","_links":{"self":[{"href":"https:\/\/perfilinformativo.mx\/index.php\/wp-json\/wp\/v2\/posts\/49909","targetHints":{"allow":["GET"]}}],"collection":[{"href":"https:\/\/perfilinformativo.mx\/index.php\/wp-json\/wp\/v2\/posts"}],"about":[{"href":"https:\/\/perfilinformativo.mx\/index.php\/wp-json\/wp\/v2\/types\/post"}],"author":[{"embeddable":true,"href":"https:\/\/perfilinformativo.mx\/index.php\/wp-json\/wp\/v2\/users\/1"}],"replies":[{"embeddable":true,"href":"https:\/\/perfilinformativo.mx\/index.php\/wp-json\/wp\/v2\/comments?post=49909"}],"version-history":[{"count":1,"href":"https:\/\/perfilinformativo.mx\/index.php\/wp-json\/wp\/v2\/posts\/49909\/revisions"}],"predecessor-version":[{"id":49910,"href":"https:\/\/perfilinformativo.mx\/index.php\/wp-json\/wp\/v2\/posts\/49909\/revisions\/49910"}],"wp:featuredmedia":[{"embeddable":true,"href":"https:\/\/perfilinformativo.mx\/index.php\/wp-json\/wp\/v2\/media\/49908"}],"wp:attachment":[{"href":"https:\/\/perfilinformativo.mx\/index.php\/wp-json\/wp\/v2\/media?parent=49909"}],"wp:term":[{"taxonomy":"category","embeddable":true,"href":"https:\/\/perfilinformativo.mx\/index.php\/wp-json\/wp\/v2\/categories?post=49909"},{"taxonomy":"post_tag","embeddable":true,"href":"https:\/\/perfilinformativo.mx\/index.php\/wp-json\/wp\/v2\/tags?post=49909"}],"curies":[{"name":"wp","href":"https:\/\/api.w.org\/{rel}","templated":true}]}}