{"id":49905,"date":"2026-04-06T14:41:31","date_gmt":"2026-04-06T20:41:31","guid":{"rendered":"https:\/\/perfilinformativo.mx\/?p=49905"},"modified":"2026-04-06T14:41:35","modified_gmt":"2026-04-06T20:41:35","slug":"va-gabinete-al-congreso-a-la-glosa-del-iv-informe-de-ava","status":"publish","type":"post","link":"https:\/\/perfilinformativo.mx\/index.php\/2026\/04\/06\/va-gabinete-al-congreso-a-la-glosa-del-iv-informe-de-ava\/","title":{"rendered":"Va Gabinete al Congreso a la Glosa del IV Informe de AVA"},"content":{"rendered":"<p>Cd. Victoria, Tamaulipas.- En el marco de la conferencia de prensa \u201cLa Ma\u00f1anera Legislativa\u201d, el Presidente de la Junta de Gobierno del Congreso del Estado, inform\u00f3 que ma\u00f1ana iniciar\u00e1n las comparecencias de las y los titulares de las dependencias de la administraci\u00f3n p\u00fablica estatal, con el prop\u00f3sito de fortalecer la rendici\u00f3n de cuentas y dar cumplimiento a la legislaci\u00f3n local.<\/p>\n<p>El diputado Humberto Armando Prieto Herrera destac\u00f3 que este ejercicio permitir\u00e1 a las diputadas y diputados conocer de primera mano el estado que guardan las distintas \u00e1reas del Gobierno estatal, as\u00ed como evaluar los avances y resultados alcanzados durante el \u00faltimo a\u00f1o.<\/p>\n<p>Asimismo, dio a conocer que, a solicitud del titular del Poder Ejecutivo, se incorporaron al calendario las comparecencias de la Secretaria de Salud y del Secretario de Desarrollo Urbano y Medio Ambiente, de reciente ingreso.<\/p>\n<p>\u201cSon personas capaces que est\u00e1n en el \u00e1rea; obviamente, les estamos dando unos d\u00edas para que se sigan empapando y, bueno, estoy seguro de que, con la capacidad que han mostrado y por eso est\u00e1n ah\u00ed, podr\u00e1n responder a las diputadas y diputados\u201d, expres\u00f3.<\/p>\n<p>El programa de comparecencias se desarrollar\u00e1 de la siguiente manera:<\/p>\n<p>&nbsp;<\/p>\n<p>Martes 7 de abril<\/p>\n<p>11:00 horas \u2013 Secretar\u00eda del Trabajo y Previsi\u00f3n Social (Comisi\u00f3n de Trabajo y Previsi\u00f3n Social)<\/p>\n<p>14:00 horas \u2013 Secretar\u00eda de Turismo (Pleno)<\/p>\n<p>Lunes 13 de abril de 2026<\/p>\n<p>11:00 horas \u2013 Secretar\u00eda de Seguridad P\u00fablica (Pleno)<\/p>\n<p>14:00 horas \u2013 Secretar\u00eda Anticorrupci\u00f3n y Buen Gobierno (Comisi\u00f3n de Anticorrupci\u00f3n)<\/p>\n<p>Martes 14 de abril<\/p>\n<p>10:00 horas \u2013 Secretar\u00eda de Administraci\u00f3n (Comisi\u00f3n de Administraci\u00f3n)<\/p>\n<p>12:00 horas \u2013 Secretar\u00eda de Econom\u00eda (Pleno)<\/p>\n<p>Martes 21 de abril de 2026<\/p>\n<p>13:00 horas \u2013 Secretar\u00eda de Desarrollo Rural, Pesca y Acuacultura (Comisi\u00f3n de Desarrollo Rural)<\/p>\n<p>15:00 horas \u2013 Secretar\u00eda de Bienestar Social (Pleno)<\/p>\n<p>Martes 28 de abril<\/p>\n<p>11:00 horas \u2013 Secretar\u00eda de Recursos Humanos para el Desarrollo Social (Pleno)<\/p>\n<p>14:00 horas \u2013 Secretar\u00eda de Educaci\u00f3n (Pleno)<\/p>\n<p>Mi\u00e9rcoles 6 de mayo<\/p>\n<p>11:00 horas \u2013 Secretar\u00eda General de Gobierno (Pleno)<\/p>\n<p>14:00 horas \u2013 Secretar\u00eda de Finanzas (Pleno)<\/p>\n<p>&nbsp;<\/p>\n<p>&nbsp;<\/p>\n<p>&nbsp;<\/p>\n<p>&nbsp;<\/p>\n<p>&nbsp;<\/p>\n<p>Martes 12 de mayo<\/p>\n<p>11:00 horas \u2013 Secretar\u00eda de Desarrollo Urbano y Medio Ambiente (Comisi\u00f3n de Infraestructura, Desarrollo Urbano y Puertos)<\/p>\n<p>14:00 horas \u2013 Secretar\u00eda de Desarrollo Energ\u00e9tico (Pleno)<\/p>\n<p>Lunes 18 de mayo<\/p>\n<p>12:00 horas \u2013 Secretar\u00eda de Salud (Comisi\u00f3n de Salud)<\/p>\n<p>Martes 19 de mayo<\/p>\n<p>12:00 horas \u2013 Secretar\u00eda de Obras P\u00fablicas (Pleno)<\/p>\n<p>&nbsp;<\/p>\n<p>El Presidente de la Junta de Gobierno Prieto Herrera, se\u00f1al\u00f3 que las comparecencias se realizar\u00e1n bajo el mismo formato aplicado en a\u00f1os anteriores, privilegiando el di\u00e1logo institucional, la transparencia y la participaci\u00f3n activa del Poder Legislativo.<\/p>\n<p>&nbsp;<\/p>\n<p>Finalmente, reiter\u00f3 que el objetivo central de este ejercicio es garantizar que la ciudadan\u00eda est\u00e9 informada sobre las acciones y resultados del Gobierno estatal, contribuyendo a un balance positivo en favor de las y los tamaulipecos.<\/p>\n","protected":false},"excerpt":{"rendered":"<p>Cd. Victoria, Tamaulipas.- En el marco de la conferencia de prensa \u201cLa Ma\u00f1anera Legislativa\u201d, el Presidente de la Junta de Gobierno del Congreso del Estado, inform\u00f3 que ma\u00f1ana iniciar\u00e1n las comparecencias de las y los titulares de las dependencias de la administraci\u00f3n p\u00fablica estatal, con el prop\u00f3sito de fortalecer la rendici\u00f3n de cuentas y dar [&hellip;]<\/p>\n","protected":false},"author":1,"featured_media":49904,"comment_status":"open","ping_status":"closed","sticky":false,"template":"","format":"standard","meta":{"_jetpack_memberships_contains_paid_content":false,"footnotes":"","jetpack_publicize_message":"","jetpack_publicize_feature_enabled":true,"jetpack_social_post_already_shared":true,"jetpack_social_options":{"image_generator_settings":{"template":"highway","default_image_id":0,"font":"","enabled":false},"version":2}},"categories":[3],"tags":[],"class_list":["post-49905","post","type-post","status-publish","format-standard","has-post-thumbnail","hentry","category-estatal"],"jetpack_publicize_connections":[],"jetpack_featured_media_url":"https:\/\/perfilinformativo.mx\/wp-content\/uploads\/2026\/04\/6-abr-E-1-Va-Gabinete-al-Congreso-a-la-Glosa-del-IV-Informe-de-AVA.jpg","jetpack_sharing_enabled":true,"rttpg_featured_image_url":{"full":["https:\/\/perfilinformativo.mx\/wp-content\/uploads\/2026\/04\/6-abr-E-1-Va-Gabinete-al-Congreso-a-la-Glosa-del-IV-Informe-de-AVA.jpg",1280,853,false],"landscape":["https:\/\/perfilinformativo.mx\/wp-content\/uploads\/2026\/04\/6-abr-E-1-Va-Gabinete-al-Congreso-a-la-Glosa-del-IV-Informe-de-AVA.jpg",1280,853,false],"portraits":["https:\/\/perfilinformativo.mx\/wp-content\/uploads\/2026\/04\/6-abr-E-1-Va-Gabinete-al-Congreso-a-la-Glosa-del-IV-Informe-de-AVA.jpg",1280,853,false],"thumbnail":["https:\/\/perfilinformativo.mx\/wp-content\/uploads\/2026\/04\/6-abr-E-1-Va-Gabinete-al-Congreso-a-la-Glosa-del-IV-Informe-de-AVA-150x150.jpg",150,150,true],"medium":["https:\/\/perfilinformativo.mx\/wp-content\/uploads\/2026\/04\/6-abr-E-1-Va-Gabinete-al-Congreso-a-la-Glosa-del-IV-Informe-de-AVA-300x200.jpg",300,200,true],"large":["https:\/\/perfilinformativo.mx\/wp-content\/uploads\/2026\/04\/6-abr-E-1-Va-Gabinete-al-Congreso-a-la-Glosa-del-IV-Informe-de-AVA-1024x682.jpg",640,426,true],"1536x1536":["https:\/\/perfilinformativo.mx\/wp-content\/uploads\/2026\/04\/6-abr-E-1-Va-Gabinete-al-Congreso-a-la-Glosa-del-IV-Informe-de-AVA.jpg",1280,853,false],"2048x2048":["https:\/\/perfilinformativo.mx\/wp-content\/uploads\/2026\/04\/6-abr-E-1-Va-Gabinete-al-Congreso-a-la-Glosa-del-IV-Informe-de-AVA.jpg",1280,853,false]},"rttpg_author":{"display_name":"admin","author_link":"https:\/\/perfilinformativo.mx\/index.php\/author\/admin_wj6ymx5f\/"},"rttpg_comment":0,"rttpg_category":"<a href=\"https:\/\/perfilinformativo.mx\/index.php\/category\/estatal\/\" rel=\"category tag\">Estatal<\/a>","rttpg_excerpt":"Cd. Victoria, Tamaulipas.- En el marco de la conferencia de prensa \u201cLa Ma\u00f1anera Legislativa\u201d, el Presidente de la Junta de Gobierno del Congreso del Estado, inform\u00f3 que ma\u00f1ana iniciar\u00e1n las comparecencias de las y los titulares de las dependencias de la administraci\u00f3n p\u00fablica estatal, con el prop\u00f3sito de fortalecer la rendici\u00f3n de cuentas y dar&hellip;","_links":{"self":[{"href":"https:\/\/perfilinformativo.mx\/index.php\/wp-json\/wp\/v2\/posts\/49905","targetHints":{"allow":["GET"]}}],"collection":[{"href":"https:\/\/perfilinformativo.mx\/index.php\/wp-json\/wp\/v2\/posts"}],"about":[{"href":"https:\/\/perfilinformativo.mx\/index.php\/wp-json\/wp\/v2\/types\/post"}],"author":[{"embeddable":true,"href":"https:\/\/perfilinformativo.mx\/index.php\/wp-json\/wp\/v2\/users\/1"}],"replies":[{"embeddable":true,"href":"https:\/\/perfilinformativo.mx\/index.php\/wp-json\/wp\/v2\/comments?post=49905"}],"version-history":[{"count":1,"href":"https:\/\/perfilinformativo.mx\/index.php\/wp-json\/wp\/v2\/posts\/49905\/revisions"}],"predecessor-version":[{"id":49906,"href":"https:\/\/perfilinformativo.mx\/index.php\/wp-json\/wp\/v2\/posts\/49905\/revisions\/49906"}],"wp:featuredmedia":[{"embeddable":true,"href":"https:\/\/perfilinformativo.mx\/index.php\/wp-json\/wp\/v2\/media\/49904"}],"wp:attachment":[{"href":"https:\/\/perfilinformativo.mx\/index.php\/wp-json\/wp\/v2\/media?parent=49905"}],"wp:term":[{"taxonomy":"category","embeddable":true,"href":"https:\/\/perfilinformativo.mx\/index.php\/wp-json\/wp\/v2\/categories?post=49905"},{"taxonomy":"post_tag","embeddable":true,"href":"https:\/\/perfilinformativo.mx\/index.php\/wp-json\/wp\/v2\/tags?post=49905"}],"curies":[{"name":"wp","href":"https:\/\/api.w.org\/{rel}","templated":true}]}}