{"id":49832,"date":"2026-03-31T18:00:39","date_gmt":"2026-04-01T00:00:39","guid":{"rendered":"https:\/\/perfilinformativo.mx\/?p=49832"},"modified":"2026-04-02T14:11:08","modified_gmt":"2026-04-02T20:11:08","slug":"distingue-cabildo-victorense-a-rescatista-de-animales","status":"publish","type":"post","link":"https:\/\/perfilinformativo.mx\/index.php\/2026\/03\/31\/distingue-cabildo-victorense-a-rescatista-de-animales\/","title":{"rendered":"Distingue Cabildo victorense a rescatista de animales."},"content":{"rendered":"<p>Cd. Victoria, Tamaulipas.- .- A nombre del Cabildo de Victoria, el alcalde Eduardo Gatt\u00e1s B\u00e1ez entreg\u00f3 reconocimiento a Santa Prisciliana Rodr\u00edguez Ib\u00e1\u00f1ez por su destacada trayectoria en la lucha social y su incansable labor humanitaria en el cuidado y protecci\u00f3n de los animales en esta Capital.<\/p>\n<p>M\u00e1s conocida como Mia Fressy, la ciudadana victorense acudi\u00f3 a la quincuag\u00e9sima s\u00e9ptima sesi\u00f3n p\u00fablica a invitaci\u00f3n de la regidora Carmen Serna Mercado para recibir el merecido reconocimiento que el otorga el cabildo de Victoria por su gran labor de respeto y bienestar hacia los animales.<\/p>\n<p>\u201cQuiero agradecer al Gobierno que encabeza Eduardo Gatt\u00e1s B\u00e1ez, valoramos su importante apoyo recibido a trav\u00e9s de SEDUMA en el rescate, ayuda y rehabilitaci\u00f3n de animales en situaci\u00f3n de riesgo\u201d, manifest\u00f3 Mia Fressy fundadora del refugio Santa Rosa de Lima, colectivo animalista.<\/p>\n<p>En otro punto de la orden del d\u00eda, el cabildo aprob\u00f3 por mayor\u00eda la donaci\u00f3n de un predio a favor del Instituto Mexicano del Seguro Social, con una superficie de 1,798.50 M2 del fraccionamiento Integraci\u00f3n Familiar proyectado para la construcci\u00f3n del Centro Educativo del Cuidado Infantil (CECI).<\/p>\n","protected":false},"excerpt":{"rendered":"<p>Cd. Victoria, Tamaulipas.- .- A nombre del Cabildo de Victoria, el alcalde Eduardo Gatt\u00e1s B\u00e1ez entreg\u00f3 reconocimiento a Santa Prisciliana Rodr\u00edguez Ib\u00e1\u00f1ez por su destacada trayectoria en la lucha social y su incansable labor humanitaria en el cuidado y protecci\u00f3n de los animales en esta Capital. M\u00e1s conocida como Mia Fressy, la ciudadana victorense acudi\u00f3 [&hellip;]<\/p>\n","protected":false},"author":1,"featured_media":49831,"comment_status":"open","ping_status":"closed","sticky":false,"template":"","format":"standard","meta":{"_jetpack_memberships_contains_paid_content":false,"footnotes":"","jetpack_publicize_message":"","jetpack_publicize_feature_enabled":true,"jetpack_social_post_already_shared":true,"jetpack_social_options":{"image_generator_settings":{"template":"highway","default_image_id":0,"font":"","enabled":false},"version":2}},"categories":[2],"tags":[],"class_list":["post-49832","post","type-post","status-publish","format-standard","has-post-thumbnail","hentry","category-local"],"jetpack_publicize_connections":[],"jetpack_featured_media_url":"https:\/\/perfilinformativo.mx\/wp-content\/uploads\/2026\/04\/31-mar-L-1-Distingue-Cabildo-victorense-a-rescatista-de-animales.jpg","jetpack_sharing_enabled":true,"rttpg_featured_image_url":{"full":["https:\/\/perfilinformativo.mx\/wp-content\/uploads\/2026\/04\/31-mar-L-1-Distingue-Cabildo-victorense-a-rescatista-de-animales.jpg",1280,854,false],"landscape":["https:\/\/perfilinformativo.mx\/wp-content\/uploads\/2026\/04\/31-mar-L-1-Distingue-Cabildo-victorense-a-rescatista-de-animales.jpg",1280,854,false],"portraits":["https:\/\/perfilinformativo.mx\/wp-content\/uploads\/2026\/04\/31-mar-L-1-Distingue-Cabildo-victorense-a-rescatista-de-animales.jpg",1280,854,false],"thumbnail":["https:\/\/perfilinformativo.mx\/wp-content\/uploads\/2026\/04\/31-mar-L-1-Distingue-Cabildo-victorense-a-rescatista-de-animales-150x150.jpg",150,150,true],"medium":["https:\/\/perfilinformativo.mx\/wp-content\/uploads\/2026\/04\/31-mar-L-1-Distingue-Cabildo-victorense-a-rescatista-de-animales-300x200.jpg",300,200,true],"large":["https:\/\/perfilinformativo.mx\/wp-content\/uploads\/2026\/04\/31-mar-L-1-Distingue-Cabildo-victorense-a-rescatista-de-animales-1024x683.jpg",640,427,true],"1536x1536":["https:\/\/perfilinformativo.mx\/wp-content\/uploads\/2026\/04\/31-mar-L-1-Distingue-Cabildo-victorense-a-rescatista-de-animales.jpg",1280,854,false],"2048x2048":["https:\/\/perfilinformativo.mx\/wp-content\/uploads\/2026\/04\/31-mar-L-1-Distingue-Cabildo-victorense-a-rescatista-de-animales.jpg",1280,854,false]},"rttpg_author":{"display_name":"admin","author_link":"https:\/\/perfilinformativo.mx\/index.php\/author\/admin_wj6ymx5f\/"},"rttpg_comment":0,"rttpg_category":"<a href=\"https:\/\/perfilinformativo.mx\/index.php\/category\/local\/\" rel=\"category tag\">Local<\/a>","rttpg_excerpt":"Cd. Victoria, Tamaulipas.- .- A nombre del Cabildo de Victoria, el alcalde Eduardo Gatt\u00e1s B\u00e1ez entreg\u00f3 reconocimiento a Santa Prisciliana Rodr\u00edguez Ib\u00e1\u00f1ez por su destacada trayectoria en la lucha social y su incansable labor humanitaria en el cuidado y protecci\u00f3n de los animales en esta Capital. M\u00e1s conocida como Mia Fressy, la ciudadana victorense acudi\u00f3&hellip;","_links":{"self":[{"href":"https:\/\/perfilinformativo.mx\/index.php\/wp-json\/wp\/v2\/posts\/49832","targetHints":{"allow":["GET"]}}],"collection":[{"href":"https:\/\/perfilinformativo.mx\/index.php\/wp-json\/wp\/v2\/posts"}],"about":[{"href":"https:\/\/perfilinformativo.mx\/index.php\/wp-json\/wp\/v2\/types\/post"}],"author":[{"embeddable":true,"href":"https:\/\/perfilinformativo.mx\/index.php\/wp-json\/wp\/v2\/users\/1"}],"replies":[{"embeddable":true,"href":"https:\/\/perfilinformativo.mx\/index.php\/wp-json\/wp\/v2\/comments?post=49832"}],"version-history":[{"count":1,"href":"https:\/\/perfilinformativo.mx\/index.php\/wp-json\/wp\/v2\/posts\/49832\/revisions"}],"predecessor-version":[{"id":49833,"href":"https:\/\/perfilinformativo.mx\/index.php\/wp-json\/wp\/v2\/posts\/49832\/revisions\/49833"}],"wp:featuredmedia":[{"embeddable":true,"href":"https:\/\/perfilinformativo.mx\/index.php\/wp-json\/wp\/v2\/media\/49831"}],"wp:attachment":[{"href":"https:\/\/perfilinformativo.mx\/index.php\/wp-json\/wp\/v2\/media?parent=49832"}],"wp:term":[{"taxonomy":"category","embeddable":true,"href":"https:\/\/perfilinformativo.mx\/index.php\/wp-json\/wp\/v2\/categories?post=49832"},{"taxonomy":"post_tag","embeddable":true,"href":"https:\/\/perfilinformativo.mx\/index.php\/wp-json\/wp\/v2\/tags?post=49832"}],"curies":[{"name":"wp","href":"https:\/\/api.w.org\/{rel}","templated":true}]}}