{"id":48736,"date":"2026-02-11T18:00:32","date_gmt":"2026-02-12T00:00:32","guid":{"rendered":"https:\/\/perfilinformativo.mx\/?p=48736"},"modified":"2026-02-13T14:36:34","modified_gmt":"2026-02-13T20:36:34","slug":"victoria-crece-y-se-fortalece-con-mas-y-mejor-empleo-lalo-gattas","status":"publish","type":"post","link":"https:\/\/perfilinformativo.mx\/index.php\/2026\/02\/11\/victoria-crece-y-se-fortalece-con-mas-y-mejor-empleo-lalo-gattas\/","title":{"rendered":"Victoria crece y se fortalece con m\u00e1s y mejor empleo: Lalo Gatt\u00e1s"},"content":{"rendered":"<p>Cd. Victoria, Tamaulipas. &#8211; La econom\u00eda de Victoria crece y se fortalece con 840 vacantes de 23 empresas y Secretar\u00eda de Seguridad P\u00fablica que, en coordinaci\u00f3n con el Gobierno de Victoria, estuvieron disponibles en la Segunda Jornada de Reclutamiento de Empleo.<\/p>\n<p>El alcalde Eduardo Gatt\u00e1s B\u00e1ez, en compa\u00f1\u00eda de su esposa Lucy de Gatt\u00e1s, y representante de la C\u00e1mara Nacional de Comercio local, presidi\u00f3 el evento protocolario en la explanada de la Presidencia Municipal, donde se instalaron m\u00f3dulos informativos para ocupaci\u00f3n laboral.<\/p>\n<p>\u201cEste gobierno genera condiciones para que lleguen empleos, fortalecer la econom\u00eda local y mejorar bienestar social\u201d expres\u00f3 Gatt\u00e1s B\u00e1ez al reconocer la confianza y compromiso compartido del sector empresarial e instituciones de gobierno por el desarrollo de la Capital.<\/p>\n<p>En esta suma de voluntades, participaron la SSP Estatal, CANACO Victoria y la Iniciativa Privada con oportunidades de empleo en \u00e1reas de seguridad p\u00fablica, medica, de la construcci\u00f3n, administrativa, t\u00e9cnica, auxiliar en tiendas departamentales y DIF Victoria.<\/p>\n","protected":false},"excerpt":{"rendered":"<p>Cd. Victoria, Tamaulipas. &#8211; La econom\u00eda de Victoria crece y se fortalece con 840 vacantes de 23 empresas y Secretar\u00eda de Seguridad P\u00fablica que, en coordinaci\u00f3n con el Gobierno de Victoria, estuvieron disponibles en la Segunda Jornada de Reclutamiento de Empleo. El alcalde Eduardo Gatt\u00e1s B\u00e1ez, en compa\u00f1\u00eda de su esposa Lucy de Gatt\u00e1s, y [&hellip;]<\/p>\n","protected":false},"author":1,"featured_media":48735,"comment_status":"open","ping_status":"closed","sticky":false,"template":"","format":"standard","meta":{"_jetpack_memberships_contains_paid_content":false,"footnotes":"","jetpack_publicize_message":"","jetpack_publicize_feature_enabled":true,"jetpack_social_post_already_shared":true,"jetpack_social_options":{"image_generator_settings":{"template":"highway","default_image_id":0,"font":"","enabled":false},"version":2}},"categories":[1],"tags":[],"class_list":["post-48736","post","type-post","status-publish","format-standard","has-post-thumbnail","hentry","category-uncategorized"],"jetpack_publicize_connections":[],"jetpack_featured_media_url":"https:\/\/perfilinformativo.mx\/wp-content\/uploads\/2026\/02\/11-feb-L-1-Victoria-crece-y-se-fortalece-con-mas-y-mejor-empleo.jpg","jetpack_sharing_enabled":true,"rttpg_featured_image_url":{"full":["https:\/\/perfilinformativo.mx\/wp-content\/uploads\/2026\/02\/11-feb-L-1-Victoria-crece-y-se-fortalece-con-mas-y-mejor-empleo.jpg",1280,852,false],"landscape":["https:\/\/perfilinformativo.mx\/wp-content\/uploads\/2026\/02\/11-feb-L-1-Victoria-crece-y-se-fortalece-con-mas-y-mejor-empleo.jpg",1280,852,false],"portraits":["https:\/\/perfilinformativo.mx\/wp-content\/uploads\/2026\/02\/11-feb-L-1-Victoria-crece-y-se-fortalece-con-mas-y-mejor-empleo.jpg",1280,852,false],"thumbnail":["https:\/\/perfilinformativo.mx\/wp-content\/uploads\/2026\/02\/11-feb-L-1-Victoria-crece-y-se-fortalece-con-mas-y-mejor-empleo-150x150.jpg",150,150,true],"medium":["https:\/\/perfilinformativo.mx\/wp-content\/uploads\/2026\/02\/11-feb-L-1-Victoria-crece-y-se-fortalece-con-mas-y-mejor-empleo-300x200.jpg",300,200,true],"large":["https:\/\/perfilinformativo.mx\/wp-content\/uploads\/2026\/02\/11-feb-L-1-Victoria-crece-y-se-fortalece-con-mas-y-mejor-empleo-1024x682.jpg",640,426,true],"1536x1536":["https:\/\/perfilinformativo.mx\/wp-content\/uploads\/2026\/02\/11-feb-L-1-Victoria-crece-y-se-fortalece-con-mas-y-mejor-empleo.jpg",1280,852,false],"2048x2048":["https:\/\/perfilinformativo.mx\/wp-content\/uploads\/2026\/02\/11-feb-L-1-Victoria-crece-y-se-fortalece-con-mas-y-mejor-empleo.jpg",1280,852,false]},"rttpg_author":{"display_name":"admin","author_link":"https:\/\/perfilinformativo.mx\/index.php\/author\/admin_wj6ymx5f\/"},"rttpg_comment":0,"rttpg_category":"<a href=\"https:\/\/perfilinformativo.mx\/index.php\/category\/uncategorized\/\" rel=\"category tag\">Uncategorized<\/a>","rttpg_excerpt":"Cd. Victoria, Tamaulipas. &#8211; La econom\u00eda de Victoria crece y se fortalece con 840 vacantes de 23 empresas y Secretar\u00eda de Seguridad P\u00fablica que, en coordinaci\u00f3n con el Gobierno de Victoria, estuvieron disponibles en la Segunda Jornada de Reclutamiento de Empleo. El alcalde Eduardo Gatt\u00e1s B\u00e1ez, en compa\u00f1\u00eda de su esposa Lucy de Gatt\u00e1s, y&hellip;","_links":{"self":[{"href":"https:\/\/perfilinformativo.mx\/index.php\/wp-json\/wp\/v2\/posts\/48736","targetHints":{"allow":["GET"]}}],"collection":[{"href":"https:\/\/perfilinformativo.mx\/index.php\/wp-json\/wp\/v2\/posts"}],"about":[{"href":"https:\/\/perfilinformativo.mx\/index.php\/wp-json\/wp\/v2\/types\/post"}],"author":[{"embeddable":true,"href":"https:\/\/perfilinformativo.mx\/index.php\/wp-json\/wp\/v2\/users\/1"}],"replies":[{"embeddable":true,"href":"https:\/\/perfilinformativo.mx\/index.php\/wp-json\/wp\/v2\/comments?post=48736"}],"version-history":[{"count":1,"href":"https:\/\/perfilinformativo.mx\/index.php\/wp-json\/wp\/v2\/posts\/48736\/revisions"}],"predecessor-version":[{"id":48737,"href":"https:\/\/perfilinformativo.mx\/index.php\/wp-json\/wp\/v2\/posts\/48736\/revisions\/48737"}],"wp:featuredmedia":[{"embeddable":true,"href":"https:\/\/perfilinformativo.mx\/index.php\/wp-json\/wp\/v2\/media\/48735"}],"wp:attachment":[{"href":"https:\/\/perfilinformativo.mx\/index.php\/wp-json\/wp\/v2\/media?parent=48736"}],"wp:term":[{"taxonomy":"category","embeddable":true,"href":"https:\/\/perfilinformativo.mx\/index.php\/wp-json\/wp\/v2\/categories?post=48736"},{"taxonomy":"post_tag","embeddable":true,"href":"https:\/\/perfilinformativo.mx\/index.php\/wp-json\/wp\/v2\/tags?post=48736"}],"curies":[{"name":"wp","href":"https:\/\/api.w.org\/{rel}","templated":true}]}}