{"id":47171,"date":"2025-12-23T13:00:12","date_gmt":"2025-12-23T19:00:12","guid":{"rendered":"https:\/\/perfilinformativo.mx\/?p=47171"},"modified":"2025-12-25T02:39:06","modified_gmt":"2025-12-25T08:39:06","slug":"evaluan-trabajo-de-vigilancia-sanitaria-para-la-prevencion-de-enfermedades-epidemiologicas","status":"publish","type":"post","link":"https:\/\/perfilinformativo.mx\/index.php\/2025\/12\/23\/evaluan-trabajo-de-vigilancia-sanitaria-para-la-prevencion-de-enfermedades-epidemiologicas\/","title":{"rendered":"Eval\u00faan trabajo de vigilancia sanitaria para la prevenci\u00f3n de enfermedades epidemiol\u00f3gicas"},"content":{"rendered":"<div data-contents=\"true\">\n<div class=\"\" data-block=\"true\" data-editor=\"bbbr6\" data-offset-key=\"9ot6-0-0\">\n<div class=\"_1mf _1mj\" data-offset-key=\"9ot6-0-0\"><span data-offset-key=\"9ot6-0-0\">Diciembre 23 de 2025<\/span><\/div>\n<\/div>\n<div class=\"\" data-block=\"true\" data-editor=\"bbbr6\" data-offset-key=\"apjm5-0-0\">\n<div class=\"_1mf _1mj\" data-offset-key=\"apjm5-0-0\"><span data-offset-key=\"apjm5-0-0\">\u00a0<\/span><\/div>\n<\/div>\n<div class=\"\" data-block=\"true\" data-editor=\"bbbr6\" data-offset-key=\"ctmbc-0-0\">\n<div class=\"_1mf _1mj\" data-offset-key=\"ctmbc-0-0\"><span data-offset-key=\"ctmbc-0-0\">Ciudad Victoria Tamaulipas .- En la novena reuni\u00f3n ordinaria del Grupo T\u00e9cnico Interinstitucional, del Comit\u00e9 Estatal de Vigilancia Epidemiol\u00f3gica, se evalu\u00f3 el trabajo realizado de los programas prioritarios y que requirieron de vigilancia sanitaria durante el a\u00f1o como el sarampi\u00f3n, las enfermedades diarreicas agudas, entre otras, as\u00ed como se emitieron los avisos preventivos de padecimientos como el chikungunya; enfermedad de manos, pie y boca; influenza aviar, tosferina y rabia.<\/span><\/div>\n<\/div>\n<div class=\"\" data-block=\"true\" data-editor=\"bbbr6\" data-offset-key=\"2bdae-0-0\">\n<div class=\"_1mf _1mj\" data-offset-key=\"2bdae-0-0\"><span data-offset-key=\"2bdae-0-0\">\u00a0<\/span><\/div>\n<\/div>\n<div class=\"\" data-block=\"true\" data-editor=\"bbbr6\" data-offset-key=\"5pbsj-0-0\">\n<div class=\"_1mf _1mj\" data-offset-key=\"5pbsj-0-0\"><span data-offset-key=\"5pbsj-0-0\">En representaci\u00f3n del secretario de Salud, Vicente Joel Hern\u00e1ndez Navarro, el director de Epidemiolog\u00eda, Sergio Uriegas Camargo, encabez\u00f3 la reuni\u00f3n del Grupo T\u00e9cnico en donde se analiz\u00f3 el trabajo realizado para mantener a la poblaci\u00f3n libre de riesgos epidemiol\u00f3gicos, teniendo como resultado un desempe\u00f1o sobresaliente.<\/span><\/div>\n<\/div>\n<div class=\"\" data-block=\"true\" data-editor=\"bbbr6\" data-offset-key=\"4kfnf-0-0\">\n<div class=\"_1mf _1mj\" data-offset-key=\"4kfnf-0-0\"><span data-offset-key=\"4kfnf-0-0\">\u00a0<\/span><\/div>\n<\/div>\n<div class=\"\" data-block=\"true\" data-editor=\"bbbr6\" data-offset-key=\"spbf-0-0\">\n<div class=\"_1mf _1mj\" data-offset-key=\"spbf-0-0\"><span data-offset-key=\"spbf-0-0\">\u201cCon el fortalecimiento de las estrategias como las realizadas para contener el sarampi\u00f3n en el estado, en donde se mantuvo la prevalencia en 12 casos; el fortalecimiento de las estrategias y el manejo de informaci\u00f3n para proteger la salud p\u00fablica, el estado obtuvo un desempe\u00f1o sobresaliente\u201d, destac\u00f3 Uriegas Camargo.<\/span><\/div>\n<\/div>\n<div class=\"\" data-block=\"true\" data-editor=\"bbbr6\" data-offset-key=\"dsphk-0-0\">\n<div class=\"_1mf _1mj\" data-offset-key=\"dsphk-0-0\"><span data-offset-key=\"dsphk-0-0\">\u00a0<\/span><\/div>\n<\/div>\n<div class=\"\" data-block=\"true\" data-editor=\"bbbr6\" data-offset-key=\"9pktn-0-0\">\n<div class=\"_1mf _1mj\" data-offset-key=\"9pktn-0-0\"><span data-offset-key=\"9pktn-0-0\">Dijo que la instrucci\u00f3n del gobernador Am\u00e9rico Villarreal Anaya, es mantener la coordinaci\u00f3n entre las dependencias involucradas para estandarizar los procesos preventivos como de detecci\u00f3n oportuna y atenci\u00f3n de los padecimientos como los antes mencionados.<\/span><\/div>\n<\/div>\n<div class=\"\" data-block=\"true\" data-editor=\"bbbr6\" data-offset-key=\"7s8hc-0-0\">\n<div class=\"_1mf _1mj\" data-offset-key=\"7s8hc-0-0\"><span data-offset-key=\"7s8hc-0-0\">\u00a0<\/span><\/div>\n<\/div>\n<div class=\"\" data-block=\"true\" data-editor=\"bbbr6\" data-offset-key=\"4nmqn-0-0\">\n<div class=\"_1mf _1mj\" data-offset-key=\"4nmqn-0-0\"><span data-offset-key=\"4nmqn-0-0\">En lo referente a los avisos preventivos, Uriegas Camargo destac\u00f3 la alerta epidemiol\u00f3gica global que emiti\u00f3 la Organizaci\u00f3n Panamericana de la Salud (OPS) referente a los casos registrados en 110 pa\u00edses por la circulaci\u00f3n del virus chikungunya, que aunque en M\u00e9xico a\u00fan no se encuentra en riesgo, el monitoreo y las alertas preventivas deben incrementarse.<\/span><\/div>\n<\/div>\n<div class=\"\" data-block=\"true\" data-editor=\"bbbr6\" data-offset-key=\"9841s-0-0\">\n<div class=\"_1mf _1mj\" data-offset-key=\"9841s-0-0\"><span data-offset-key=\"9841s-0-0\">\u00a0<\/span><\/div>\n<\/div>\n<div class=\"\" data-block=\"true\" data-editor=\"bbbr6\" data-offset-key=\"dkpv4-0-0\">\n<div class=\"_1mf _1mj\" data-offset-key=\"dkpv4-0-0\"><span data-offset-key=\"dkpv4-0-0\">De igual manera, inform\u00f3 que, aunque la enfermedad de manos, pie y boca han disminuido en las \u00faltimas semanas, en este a\u00f1o se registraron 866 casos, principalmente en ni\u00f1os y ni\u00f1as de nivel k\u00ednder y primaria, de los cuales 683 se presentaron en menores de 4 a\u00f1os.<\/span><\/div>\n<\/div>\n<div class=\"\" data-block=\"true\" data-editor=\"bbbr6\" data-offset-key=\"c9bqv-0-0\">\n<div class=\"_1mf _1mj\" data-offset-key=\"c9bqv-0-0\"><span data-offset-key=\"c9bqv-0-0\">\u00a0<\/span><\/div>\n<\/div>\n<div class=\"\" data-block=\"true\" data-editor=\"bbbr6\" data-offset-key=\"fcs0f-0-0\">\n<div class=\"_1mf _1mj\" data-offset-key=\"fcs0f-0-0\"><span data-offset-key=\"fcs0f-0-0\">En cuanto a la situaci\u00f3n de la tosferina, el epidemi\u00f3logo estatal se\u00f1al\u00f3 que se ha tenido un aumento global de este padecimiento a causa de la barrera inmunol\u00f3gica que se present\u00f3 a partir del 2020 y actualmente en M\u00e9xico se han registrado 1561 casos y en Tamaulipas se tiene un reporte de 40 pacientes.<\/span><\/div>\n<\/div>\n<div class=\"\" data-block=\"true\" data-editor=\"bbbr6\" data-offset-key=\"4p8m7-0-0\">\n<div class=\"_1mf _1mj\" data-offset-key=\"4p8m7-0-0\"><span data-offset-key=\"4p8m7-0-0\">\u00a0<\/span><\/div>\n<\/div>\n<div class=\"\" data-block=\"true\" data-editor=\"bbbr6\" data-offset-key=\"enihc-0-0\">\n<div class=\"_1mf _1mj\" data-offset-key=\"enihc-0-0\"><span data-offset-key=\"enihc-0-0\">Por \u00faltimo, present\u00f3 la actualizaci\u00f3n del Manuel de Procedimientos Estandarizados para la Vigilancia Epidemiol\u00f3gica de Rabia Humana, para ello se debe reforzar las capacitaciones y actividades epidemiol\u00f3gicas para vigilar este padecimiento y evitar su resurgimiento en territorio tamaulipeco.<\/span><\/div>\n<\/div>\n<div class=\"\" data-block=\"true\" data-editor=\"bbbr6\" data-offset-key=\"a8ajk-0-0\">\n<div class=\"_1mf _1mj\" data-offset-key=\"a8ajk-0-0\"><span data-offset-key=\"a8ajk-0-0\">\u00a0<\/span><\/div>\n<\/div>\n<div class=\"\" data-block=\"true\" data-editor=\"bbbr6\" data-offset-key=\"2kbsd-0-0\">\n<div class=\"_1mf _1mj\" data-offset-key=\"2kbsd-0-0\"><span data-offset-key=\"2kbsd-0-0\">En este encuentro, que se llev\u00f3 a cabo de manera virtual, particip\u00f3 el grupo de epidemi\u00f3logos de la Secretar\u00eda de Salud; Julita Portilla Sosa, de Sistemas de Informaci\u00f3n; Hugo Horacio Vargas Reyes, de Vigilancia de Enfermedades Transmisibles; y Gustavo Sauceda Ram\u00edrez, de Vigilancia de Enfermedades No Transmisibles.<\/span><\/div>\n<\/div>\n<\/div>\n","protected":false},"excerpt":{"rendered":"<p>Diciembre 23 de 2025 \u00a0 Ciudad Victoria Tamaulipas .- En la novena reuni\u00f3n ordinaria del Grupo T\u00e9cnico Interinstitucional, del Comit\u00e9 Estatal de Vigilancia Epidemiol\u00f3gica, se evalu\u00f3 el trabajo realizado de los programas prioritarios y que requirieron de vigilancia sanitaria durante el a\u00f1o como el sarampi\u00f3n, las enfermedades diarreicas agudas, entre otras, as\u00ed como se emitieron [&hellip;]<\/p>\n","protected":false},"author":1,"featured_media":47170,"comment_status":"closed","ping_status":"closed","sticky":false,"template":"","format":"standard","meta":{"_jetpack_memberships_contains_paid_content":false,"footnotes":"","jetpack_publicize_message":"","jetpack_publicize_feature_enabled":true,"jetpack_social_post_already_shared":true,"jetpack_social_options":{"image_generator_settings":{"template":"highway","default_image_id":0,"font":"","enabled":false},"version":2}},"categories":[1],"tags":[],"class_list":["post-47171","post","type-post","status-publish","format-standard","has-post-thumbnail","hentry","category-uncategorized"],"jetpack_publicize_connections":[],"jetpack_featured_media_url":"https:\/\/perfilinformativo.mx\/wp-content\/uploads\/2025\/12\/SST-194-2025.-Evaluan-trabajo-de-vigilancia-sanitaria-para-la-prevencion-de-enfermedades-epidemiologicas-2-850x500-1.jpeg","jetpack_sharing_enabled":true,"rttpg_featured_image_url":{"full":["https:\/\/perfilinformativo.mx\/wp-content\/uploads\/2025\/12\/SST-194-2025.-Evaluan-trabajo-de-vigilancia-sanitaria-para-la-prevencion-de-enfermedades-epidemiologicas-2-850x500-1.jpeg",850,500,false],"landscape":["https:\/\/perfilinformativo.mx\/wp-content\/uploads\/2025\/12\/SST-194-2025.-Evaluan-trabajo-de-vigilancia-sanitaria-para-la-prevencion-de-enfermedades-epidemiologicas-2-850x500-1.jpeg",850,500,false],"portraits":["https:\/\/perfilinformativo.mx\/wp-content\/uploads\/2025\/12\/SST-194-2025.-Evaluan-trabajo-de-vigilancia-sanitaria-para-la-prevencion-de-enfermedades-epidemiologicas-2-850x500-1.jpeg",850,500,false],"thumbnail":["https:\/\/perfilinformativo.mx\/wp-content\/uploads\/2025\/12\/SST-194-2025.-Evaluan-trabajo-de-vigilancia-sanitaria-para-la-prevencion-de-enfermedades-epidemiologicas-2-850x500-1-150x150.jpeg",150,150,true],"medium":["https:\/\/perfilinformativo.mx\/wp-content\/uploads\/2025\/12\/SST-194-2025.-Evaluan-trabajo-de-vigilancia-sanitaria-para-la-prevencion-de-enfermedades-epidemiologicas-2-850x500-1-300x176.jpeg",300,176,true],"large":["https:\/\/perfilinformativo.mx\/wp-content\/uploads\/2025\/12\/SST-194-2025.-Evaluan-trabajo-de-vigilancia-sanitaria-para-la-prevencion-de-enfermedades-epidemiologicas-2-850x500-1.jpeg",640,376,false],"1536x1536":["https:\/\/perfilinformativo.mx\/wp-content\/uploads\/2025\/12\/SST-194-2025.-Evaluan-trabajo-de-vigilancia-sanitaria-para-la-prevencion-de-enfermedades-epidemiologicas-2-850x500-1.jpeg",850,500,false],"2048x2048":["https:\/\/perfilinformativo.mx\/wp-content\/uploads\/2025\/12\/SST-194-2025.-Evaluan-trabajo-de-vigilancia-sanitaria-para-la-prevencion-de-enfermedades-epidemiologicas-2-850x500-1.jpeg",850,500,false]},"rttpg_author":{"display_name":"admin","author_link":"https:\/\/perfilinformativo.mx\/index.php\/author\/admin_wj6ymx5f\/"},"rttpg_comment":0,"rttpg_category":"<a href=\"https:\/\/perfilinformativo.mx\/index.php\/category\/uncategorized\/\" rel=\"category tag\">Uncategorized<\/a>","rttpg_excerpt":"Diciembre 23 de 2025 \u00a0 Ciudad Victoria Tamaulipas .- En la novena reuni\u00f3n ordinaria del Grupo T\u00e9cnico Interinstitucional, del Comit\u00e9 Estatal de Vigilancia Epidemiol\u00f3gica, se evalu\u00f3 el trabajo realizado de los programas prioritarios y que requirieron de vigilancia sanitaria durante el a\u00f1o como el sarampi\u00f3n, las enfermedades diarreicas agudas, entre otras, as\u00ed como se emitieron&hellip;","_links":{"self":[{"href":"https:\/\/perfilinformativo.mx\/index.php\/wp-json\/wp\/v2\/posts\/47171","targetHints":{"allow":["GET"]}}],"collection":[{"href":"https:\/\/perfilinformativo.mx\/index.php\/wp-json\/wp\/v2\/posts"}],"about":[{"href":"https:\/\/perfilinformativo.mx\/index.php\/wp-json\/wp\/v2\/types\/post"}],"author":[{"embeddable":true,"href":"https:\/\/perfilinformativo.mx\/index.php\/wp-json\/wp\/v2\/users\/1"}],"replies":[{"embeddable":true,"href":"https:\/\/perfilinformativo.mx\/index.php\/wp-json\/wp\/v2\/comments?post=47171"}],"version-history":[{"count":1,"href":"https:\/\/perfilinformativo.mx\/index.php\/wp-json\/wp\/v2\/posts\/47171\/revisions"}],"predecessor-version":[{"id":47172,"href":"https:\/\/perfilinformativo.mx\/index.php\/wp-json\/wp\/v2\/posts\/47171\/revisions\/47172"}],"wp:featuredmedia":[{"embeddable":true,"href":"https:\/\/perfilinformativo.mx\/index.php\/wp-json\/wp\/v2\/media\/47170"}],"wp:attachment":[{"href":"https:\/\/perfilinformativo.mx\/index.php\/wp-json\/wp\/v2\/media?parent=47171"}],"wp:term":[{"taxonomy":"category","embeddable":true,"href":"https:\/\/perfilinformativo.mx\/index.php\/wp-json\/wp\/v2\/categories?post=47171"},{"taxonomy":"post_tag","embeddable":true,"href":"https:\/\/perfilinformativo.mx\/index.php\/wp-json\/wp\/v2\/tags?post=47171"}],"curies":[{"name":"wp","href":"https:\/\/api.w.org\/{rel}","templated":true}]}}