{"id":41123,"date":"2025-04-23T18:00:31","date_gmt":"2025-04-23T23:00:31","guid":{"rendered":"https:\/\/perfilinformativo.mx\/?p=41123"},"modified":"2025-04-24T16:58:58","modified_gmt":"2025-04-24T21:58:58","slug":"organiza-la-uat-concurso-estatal-de-oratoria-universitario","status":"publish","type":"post","link":"https:\/\/perfilinformativo.mx\/index.php\/2025\/04\/23\/organiza-la-uat-concurso-estatal-de-oratoria-universitario\/","title":{"rendered":"Organiza la UAT concurso estatal de oratoria universitario"},"content":{"rendered":"<p>Tampico, Tamaulipas.- La Universidad Aut\u00f3noma de Tamaulipas (UAT) organiza el Concurso Estatal de Oratoria Universitario, que se realizar\u00e1 el 13 de mayo de 2025, en la Facultad de Derecho y Ciencias Sociales del Campus Sur de esta casa de estudios.<\/p>\n<p>El evento est\u00e1 dirigido a estudiantes de todos los planteles de la UAT, con el prop\u00f3sito de generar un sentido de pertenencia y de orgullo hacia su <em>alma mater. <\/em><\/p>\n<p>La convocatoria est\u00e1 abierta y tiene como fecha l\u00edmite para el registro de participantes el 30 de abril de 2025.<\/p>\n<p>Este concurso tiene como meta ofrecer un espacio para que los participantes investiguen y compartan sus perspectivas sobre la historia, los valores y los logros de la Universidad, as\u00ed como su impacto en la sociedad.<\/p>\n<p>Adem\u00e1s, pretende fomentar el pensamiento cr\u00edtico, estimulando el an\u00e1lisis y la reflexi\u00f3n sobre temas relevantes que afectan a la comunidad universitaria y a la sociedad en general, promoviendo un di\u00e1logo constructivo.<\/p>\n<p>La convocatoria est\u00e1 disponible en la p\u00e1gina oficial de la Facultad de Derecho y Ciencias Sociales <a href=\"https:\/\/fadycs.uat.edu.mx\/\">https:\/\/fadycs.uat.edu.mx\/<\/a>, donde los estudiantes podr\u00e1n consultar las bases y tem\u00e1ticas del certamen, as\u00ed como el sitio para registrar su participaci\u00f3n.<\/p>\n<p>Tambi\u00e9n pueden comunicarse a los correos electr\u00f3nicos jgullen@uat.edu.mx y elmedina@uat.edu.mx, o al tel\u00e9fono 833 341 3449 del Centro Universitario Sur.<\/p>\n","protected":false},"excerpt":{"rendered":"<p>Tampico, Tamaulipas.- La Universidad Aut\u00f3noma de Tamaulipas (UAT) organiza el Concurso Estatal de Oratoria Universitario, que se realizar\u00e1 el 13 de mayo de 2025, en la Facultad de Derecho y Ciencias Sociales del Campus Sur de esta casa de estudios. El evento est\u00e1 dirigido a estudiantes de todos los planteles de la UAT, con el [&hellip;]<\/p>\n","protected":false},"author":1,"featured_media":41122,"comment_status":"open","ping_status":"closed","sticky":false,"template":"","format":"standard","meta":{"_jetpack_memberships_contains_paid_content":false,"footnotes":"","jetpack_publicize_message":"","jetpack_publicize_feature_enabled":true,"jetpack_social_post_already_shared":false,"jetpack_social_options":{"image_generator_settings":{"template":"highway","default_image_id":0,"font":"","enabled":false},"version":2}},"categories":[1],"tags":[],"class_list":["post-41123","post","type-post","status-publish","format-standard","has-post-thumbnail","hentry","category-uncategorized"],"jetpack_publicize_connections":[],"jetpack_featured_media_url":"https:\/\/perfilinformativo.mx\/wp-content\/uploads\/2025\/04\/23-abr-U-1-Organiza-la-UAT-concurso-estatal-de-oratoria-universitario.jpg","jetpack_sharing_enabled":true,"rttpg_featured_image_url":{"full":["https:\/\/perfilinformativo.mx\/wp-content\/uploads\/2025\/04\/23-abr-U-1-Organiza-la-UAT-concurso-estatal-de-oratoria-universitario.jpg",1500,1000,false],"landscape":["https:\/\/perfilinformativo.mx\/wp-content\/uploads\/2025\/04\/23-abr-U-1-Organiza-la-UAT-concurso-estatal-de-oratoria-universitario.jpg",1500,1000,false],"portraits":["https:\/\/perfilinformativo.mx\/wp-content\/uploads\/2025\/04\/23-abr-U-1-Organiza-la-UAT-concurso-estatal-de-oratoria-universitario.jpg",1500,1000,false],"thumbnail":["https:\/\/perfilinformativo.mx\/wp-content\/uploads\/2025\/04\/23-abr-U-1-Organiza-la-UAT-concurso-estatal-de-oratoria-universitario-150x150.jpg",150,150,true],"medium":["https:\/\/perfilinformativo.mx\/wp-content\/uploads\/2025\/04\/23-abr-U-1-Organiza-la-UAT-concurso-estatal-de-oratoria-universitario-300x200.jpg",300,200,true],"large":["https:\/\/perfilinformativo.mx\/wp-content\/uploads\/2025\/04\/23-abr-U-1-Organiza-la-UAT-concurso-estatal-de-oratoria-universitario-1024x683.jpg",640,427,true],"1536x1536":["https:\/\/perfilinformativo.mx\/wp-content\/uploads\/2025\/04\/23-abr-U-1-Organiza-la-UAT-concurso-estatal-de-oratoria-universitario.jpg",1500,1000,false],"2048x2048":["https:\/\/perfilinformativo.mx\/wp-content\/uploads\/2025\/04\/23-abr-U-1-Organiza-la-UAT-concurso-estatal-de-oratoria-universitario.jpg",1500,1000,false]},"rttpg_author":{"display_name":"admin","author_link":"https:\/\/perfilinformativo.mx\/index.php\/author\/admin_wj6ymx5f\/"},"rttpg_comment":0,"rttpg_category":"<a href=\"https:\/\/perfilinformativo.mx\/index.php\/category\/uncategorized\/\" rel=\"category tag\">Uncategorized<\/a>","rttpg_excerpt":"Tampico, Tamaulipas.- La Universidad Aut\u00f3noma de Tamaulipas (UAT) organiza el Concurso Estatal de Oratoria Universitario, que se realizar\u00e1 el 13 de mayo de 2025, en la Facultad de Derecho y Ciencias Sociales del Campus Sur de esta casa de estudios. El evento est\u00e1 dirigido a estudiantes de todos los planteles de la UAT, con el&hellip;","_links":{"self":[{"href":"https:\/\/perfilinformativo.mx\/index.php\/wp-json\/wp\/v2\/posts\/41123","targetHints":{"allow":["GET"]}}],"collection":[{"href":"https:\/\/perfilinformativo.mx\/index.php\/wp-json\/wp\/v2\/posts"}],"about":[{"href":"https:\/\/perfilinformativo.mx\/index.php\/wp-json\/wp\/v2\/types\/post"}],"author":[{"embeddable":true,"href":"https:\/\/perfilinformativo.mx\/index.php\/wp-json\/wp\/v2\/users\/1"}],"replies":[{"embeddable":true,"href":"https:\/\/perfilinformativo.mx\/index.php\/wp-json\/wp\/v2\/comments?post=41123"}],"version-history":[{"count":1,"href":"https:\/\/perfilinformativo.mx\/index.php\/wp-json\/wp\/v2\/posts\/41123\/revisions"}],"predecessor-version":[{"id":41124,"href":"https:\/\/perfilinformativo.mx\/index.php\/wp-json\/wp\/v2\/posts\/41123\/revisions\/41124"}],"wp:featuredmedia":[{"embeddable":true,"href":"https:\/\/perfilinformativo.mx\/index.php\/wp-json\/wp\/v2\/media\/41122"}],"wp:attachment":[{"href":"https:\/\/perfilinformativo.mx\/index.php\/wp-json\/wp\/v2\/media?parent=41123"}],"wp:term":[{"taxonomy":"category","embeddable":true,"href":"https:\/\/perfilinformativo.mx\/index.php\/wp-json\/wp\/v2\/categories?post=41123"},{"taxonomy":"post_tag","embeddable":true,"href":"https:\/\/perfilinformativo.mx\/index.php\/wp-json\/wp\/v2\/tags?post=41123"}],"curies":[{"name":"wp","href":"https:\/\/api.w.org\/{rel}","templated":true}]}}